{"id":11348,"date":"2024-06-04T16:15:00","date_gmt":"2024-06-04T14:15:00","guid":{"rendered":"https:\/\/whiteelkcoffee.com\/the-season-of-coffee-the-journey-of-taste-from-plantation-to-cup\/"},"modified":"2024-06-04T16:15:10","modified_gmt":"2024-06-04T14:15:10","slug":"the-season-of-coffee-the-journey-of-taste-from-plantation-to-cup","status":"publish","type":"post","link":"https:\/\/whiteelkcoffee.com\/en\/the-season-of-coffee-the-journey-of-taste-from-plantation-to-cup\/","title":{"rendered":"The season of coffee &#8211; the journey of taste from plantation to cup"},"content":{"rendered":"\n<title>Coffee season: from plantation to cup<\/title><meta name=\"description\" content=\"\" utforska=\"\" kaffets=\"\" s=\"\" och=\"\" dess=\"\" p=\"\" smaken=\"\" fr=\"\" planta=\"\" till=\"\" kopp.=\"\" en=\"\" guidad=\"\" resa=\"\" genom=\"\" kaffeb=\"\" livscykel=\"\" smakresa.=\"\"\/>\n\n<script type=\"application\/ld+json\">{\n  \"@context\": \"https:\/\/schema.org\",\n  \"@type\": \"FAQPage\",\n  \"mainEntity\": [\n    {\n      \"@type\": \"Question\",\n      \"name\": \"Hur p\u00e5verkar s\u00e4songerna tillg\u00e4ngligheten av olika kaffetyper?\",\n      \"acceptedAnswer\": {\n        \"@type\": \"Answer\",\n        \"text\": \"Olika s\u00e4songer inneb\u00e4r variation i vilka kaffetyper som \u00e4r tillg\u00e4ngliga. Under vintern finner vi ofta ett st\u00f6rre utbud av kaffe fr\u00e5n Peru, tack vare att det \u00e4r sk\u00f6rdes\u00e4song d\u00e4r. P\u00e5 v\u00e5ren och sommaren \u00f6kar ist\u00e4llet utbudet fr\u00e5n Etiopien. Detta beror p\u00e5 att sk\u00f6rdetidpunkterna varierar i olika delar av v\u00e4rlden, vilket p\u00e5verkas av geografiskt l\u00e4ge och klimatf\u00f6rh\u00e5llanden.\"\n      }\n    },\n    {\n      \"@type\": \"Question\",\n      \"name\": \"Vad \u00e4r det som g\u00f6r kaffe fr\u00e5n Peru s\u00e4rskilt tillg\u00e4ngligt under vintern?\",\n      \"acceptedAnswer\": {\n        \"@type\": \"Answer\",\n        \"text\": \"Kaffe fr\u00e5n Peru \u00e4r s\u00e4rskilt tillg\u00e4ngligt under vintern eftersom det \u00e4r perioden d\u00e5 sk\u00f6rden n\u00e5r sin h\u00f6jdpunkt i landet. De klimatiska f\u00f6rh\u00e5llandena i Peru leder till att kaffeb\u00f6nornas mognadsprocess sammanfaller med norra halvklotets vinters\u00e4song, vilket g\u00f6r att vi kan njuta av f\u00e4rskt peruanskt kaffe under denna tid p\u00e5 \u00e5ret.\"\n      }\n    },\n    {\n      \"@type\": \"Question\",\n      \"name\": \"Varf\u00f6r \u00e4r det viktigt att rostare anpassar sig efter s\u00e4songen?\",\n      \"acceptedAnswer\": {\n        \"@type\": \"Answer\",\n        \"text\": \"Det \u00e4r viktigt f\u00f6r rosterier att anpassa sig efter kaffets s\u00e4song f\u00f6r att kunna bibeh\u00e5lla en h\u00f6g och konsekvent kvalitet p\u00e5 sina produkter. Genom att k\u00f6pa in b\u00f6nor som \u00e4r i s\u00e4song och justera sina rostningsmetoder kan de dra nytta av varje sorts unika egenskaper och s\u00e4kerst\u00e4lla b\u00e4sta m\u00f6jliga smak. Detta inneb\u00e4r ocks\u00e5 att de m\u00e5ste vara flexibla och kunna hantera variationer i sk\u00f6rdekvalitet och rostningsprocess, till exempel p\u00e5 grund av pl\u00f6tsliga v\u00e4derf\u00f6r\u00e4ndringar.\"\n      }\n    },\n    {\n      \"@type\": \"Question\",\n      \"name\": \"Hur p\u00e5verkar v\u00e4derf\u00f6r\u00e4ndringar rostningsprocessen av kaffeb\u00f6nor?\",\n      \"acceptedAnswer\": {\n        \"@type\": \"Answer\",\n        \"text\": \"Pl\u00f6tsliga v\u00e4derf\u00f6r\u00e4ndringar, som ov\u00e4ntade tidiga regn, kan kraftigt p\u00e5verka n\u00e4r kaffeb\u00f6norna sk\u00f6rdas, vilket i sin tur kan p\u00e5verka deras kvalitet och egenskaper. Det tvingar rostarna att vara anpassningsbara och innovativa i sitt tillv\u00e4gag\u00e5ngss\u00e4tt f\u00f6r att rosta b\u00f6norna, d\u00e5 varje s\u00e4songal variation kr\u00e4ver en justering av rostningsprocessen f\u00f6r att uppr\u00e4tth\u00e5lla \u00f6nskad smakprofil.\"\n      }\n    },\n    {\n      \"@type\": \"Question\",\n      \"name\": \"Hur kan jag som konsument p\u00e5verka genom mitt k\u00f6p av kaffe?\",\n      \"acceptedAnswer\": {\n        \"@type\": \"Answer\",\n        \"text\": \"Som konsument har du m\u00f6jligheten att p\u00e5verka genom att v\u00e4lja kaffe baserat p\u00e5 s\u00e4song och kvalitet. Att st\u00f6dja odlare och rosterier som f\u00f6ljer naturens rytm bidrar till en mer h\u00e5llbar kaffeproduktion. Dessutom bidrar ink\u00f6p av f\u00e4rskrostade b\u00f6nor och korrekt f\u00f6rvaring till att bevara kaffets smak hemma, vilket ger en b\u00e4ttre smakupplevelse och respekt f\u00f6r den arbetsinsats som ligger bakom varje kopp.\"\n      }\n    }\n  ]\n}\n<\/script>\n<div class=\"wp-block-image\">\n<figure class=\"aligncenter size-large\"><img fetchpriority=\"high\" decoding=\"async\" width=\"1200\" height=\"627\" src=\"https:\/\/whiteelkcoffee.com\/wp-content\/uploads\/kaffets-sasong-1.jpg\" alt=\"Seasonal coffee production process and flavor profile\" class=\"wp-image-10075\" srcset=\"https:\/\/whiteelkcoffee.com\/wp-content\/uploads\/kaffets-sasong-1.jpg 1200w, https:\/\/whiteelkcoffee.com\/wp-content\/uploads\/kaffets-sasong-1-416x217.jpg 416w, https:\/\/whiteelkcoffee.com\/wp-content\/uploads\/kaffets-sasong-1-300x157.jpg 300w, https:\/\/whiteelkcoffee.com\/wp-content\/uploads\/kaffets-sasong-1-1080x564.jpg 1080w, https:\/\/whiteelkcoffee.com\/wp-content\/uploads\/kaffets-sasong-1-768x401.jpg 768w\" sizes=\"(max-width: 1200px) 100vw, 1200px\" \/><\/figure>\n<\/div>\n<blockquote class=\"wp-block-quote is-layout-flow wp-block-quote-is-layout-flow\">\n<p class=\"has-theme-palette-3-color has-text-color\">&#8220;The season of coffee is not just a period of the year, it is a journey through time and taste, where each drop tells the story of its origin and the care taken from plantation to your cup.&#8221;<\/p>\n<\/blockquote>\n\n<h2 class=\"wp-block-heading\">Coffee season &#8211; a guided tour from plant to cup<\/h2>\n\n<p>To understand the season of coffee is to appreciate the journey this versatile beverage undergoes, like nature&#8217;s own work of art, with each step contributing to the final expression of the canvas. The concept of coffee seasonality is yet another fascinating factor that coffee lovers can explore to enhance the taste experience. Just as wine speaks of vintages, coffee carries a story from its origins that shapes its character.<\/p>\n\n<p>Personally, I will never forget my first cup of coffee made from freshly roasted, seasonal harvest. It is a symphony of flavors that changed with the season and made me more aware of the multifaceted qualities of coffee. That&#8217;s when I became convinced that the season plays a crucial role in the coffee experience.<\/p>\n\n<h2 class=\"wp-block-heading\">When the coffee berry ripens &#8211; the coffee calendar around the world<\/h2>\n\n<p>Around the world, coffee harvests take place at different times. During the winter, coffee lovers can enjoy Peruvian coffee in its full splendor, while spring and summer present us with prized harvests from Ethiopia. The coffee season is not only a matter of taste, but also a complex calendar dictated by the conditions of nature.<\/p>\n\n<p>Timing is essential. Picking coffee beans too early or too late can lead to a lack of aroma or an unbalanced flavor profile. That&#8217;s why it&#8217;s so important to harvest coffee at its best &#8211; when the berry is fully ripe and ready to delight our senses.<\/p>\n\n<h3 class=\"wp-block-heading\">Coffee in the latitudes &#8211; sun and shade in the lives of coffee farmers<\/h3>\n\n<p>The geographical location of coffee plantations has a huge impact on the harvest. In equatorial areas, where sun and rain alternate rhythmically, we find optimal conditions for the growth of coffee. But the sensitivity of coffee plants is also strongly linked to altitude, temperature and the challenges of changing shade and sun throughout the day.<\/p>\n\n<h2 class=\"wp-block-heading\">From coffee berries to coffee beans &#8211; the impact of the process on your morning brew<\/h2>\n\n<p>From the moment the coffee berry is harvested, it goes through a rigorous processing procedure. This includes steps such as picking, sorting, preparation, drying and, not least, transportation to roasters around the world. Every single step leaves an imprint on the coffee bean&#8217;s flavor profile, a dance where every movement must be in harmony for the coffee brew to be perfect.<\/p>\n\n<p>All these steps are crucial to ensure that the coffee retains its quality all the way to the consumer. Dried and unlabeled coffee beans do not lose quality quickly, but to maintain a full-bodied flavor profile, it is important that the entire coffee process is managed carefully and with respect for the raw material.<\/p>\n\n<h3 class=\"wp-block-heading\">The role of roasteries in the taste journey<\/h3>\n\n<p>Roasters need to keep up with the seasonal movement of coffee to ensure the consistent quality of their products. They adapt their sourcing and brewing methods to the coffee in season, so that the best beans can always be fully exploited. Many roasters use blends to create a consistent and recognizable taste all year round.<\/p>\n\n<h2 class=\"wp-block-heading\">Evoking perfection &#8211; the art of roasting beans<\/h2>\n\n<p>The roasting process can be likened to alchemy &#8211; an art where temperature and time are transformed into an explosion of flavors. The roaster has to fine-tune the process to highlight the particularities of each season. As the quality and character of the coffee bean varies with the season, this means a constant challenge for the roaster to match the desired flavor profile.<\/p>\n\n<p>Crop quality varies and weather changes such as unexpected rainfall can have a major impact on coffee bean characteristics. This forces the roaster to be flexible and innovative to deal with these variations.<\/p>\n\n<h3 class=\"wp-block-heading\">When the weather gods play games with the harvest<\/h3>\n\n<p>Weather is an unpredictable factor that can turn the whole harvest calendar upside down. For example, early rain can speed up the ripening process and force an earlier than expected harvest. These unexpected weather changes require quick adaptation from everyone in the chain, especially the roasters who must maintain appropriate flavor profiles.<\/p>\n\n<h2 class=\"wp-block-heading\">The price of a cup &#8211; the market response to seasonal fluctuations<\/h2>\n\n<p>The coffee market is highly seasonal and this is reflected in pricing. Higher costs for the best harvests of the season are often the result of laborious work with perfect timing and treatment. At the same time, factors such as weather and quality mean that the price can fluctuate, making the price of coffee a reflection of the whims of nature and the hard work of coffee workers.<\/p>\n\n<h3 class=\"wp-block-heading\">How you as a consumer can make a difference<\/h3>\n\n<p>As a consumer, you have the power to influence through your purchasing choices. Choosing coffee based on season and quality not only supports farmers who follow the rhythms of nature, but also a sustainable coffee culture. Buying freshly roasted beans and storing them properly is also the key to a sustainable taste experience at home.<\/p>\n\n<h2 class=\"wp-block-heading\">Keeping the taste alive &#8211; proper storage of coffee beans<\/h2>\n\n<p>The storage of coffee beans is of utmost importance to preserve their flavor. Coffee beans should be stored in a tight and opaque container at room temperature, protected from light and moisture. This way you can extend the life of your coffee flavour and optimize your coffee moments. Investing in beautiful and practical storage solutions will ensure that every cup you brew completes the seasonal journey of coffee.<\/p>\n<div class=\"wp-block-image\">\n<figure class=\"aligncenter size-large\"><img decoding=\"async\" width=\"1200\" height=\"627\" src=\"https:\/\/whiteelkcoffee.com\/wp-content\/uploads\/kaffets-sasong-2.jpg\" alt=\"Seasonal coffee production and geographical conditions affecting the flavor profile.\" class=\"wp-image-10076\" srcset=\"https:\/\/whiteelkcoffee.com\/wp-content\/uploads\/kaffets-sasong-2.jpg 1200w, https:\/\/whiteelkcoffee.com\/wp-content\/uploads\/kaffets-sasong-2-416x217.jpg 416w, https:\/\/whiteelkcoffee.com\/wp-content\/uploads\/kaffets-sasong-2-300x157.jpg 300w, https:\/\/whiteelkcoffee.com\/wp-content\/uploads\/kaffets-sasong-2-1080x564.jpg 1080w, https:\/\/whiteelkcoffee.com\/wp-content\/uploads\/kaffets-sasong-2-768x401.jpg 768w\" sizes=\"(max-width: 1200px) 100vw, 1200px\" \/><\/figure>\n<\/div>\n<h2 class=\"wp-block-heading\">FAQ &#8211; Coffee season &#8211; the journey of taste from plantation to cup<\/h2>\n\n<h3 class=\"wp-block-heading\">How do the seasons affect the availability of different types of coffee?<\/h3>\n\n<p>Different seasons mean variation in the types of coffee available. During the winter, we often find a greater variety of coffees from Peru, thanks to the harvest season there. In spring and summer, supply from Ethiopia increases instead. This is because harvest times vary in different parts of the world, influenced by geographical location and climatic conditions.<\/p>\n\n<h3 class=\"wp-block-heading\">What makes coffee from Peru particularly accessible during winter?<\/h3>\n\n<p>Coffee from Peru is particularly available during the winter as this is the period when the harvest reaches its peak in the country. The climatic conditions in Peru make the coffee bean ripening process coincide with the northern hemisphere&#8217;s winter season, allowing us to enjoy fresh Peruvian coffee during this time of year.<\/p>\n\n<h3 class=\"wp-block-heading\">Why is it important for roasters to adapt to the season?<\/h3>\n\n<p>It is important for roasters to adapt to the coffee season in order to maintain a high and consistent quality of their products. By sourcing beans that are in season and adjusting their roasting methods, they can take advantage of each variety&#8217;s unique characteristics and ensure the best possible taste. This also means that they need to be flexible and able to cope with variations in crop quality and roasting process, for example due to sudden weather changes.<\/p>\n\n<h3 class=\"wp-block-heading\">How do weather changes affect the roasting process of coffee beans?<\/h3>\n\n<p>Sudden weather changes, such as unexpected early rains, can greatly affect when coffee beans are harvested, which in turn can affect their quality and characteristics. This forces roasters to be adaptable and innovative in their approach to roasting the beans, as each seasonal variation requires an adjustment of the roasting process to maintain the desired flavor profile.<\/p>\n\n<h3 class=\"wp-block-heading\">How can I, as a consumer, influence the way I buy coffee?<\/h3>\n\n<p>As a consumer, you have the opportunity to make a difference by choosing coffee based on season and quality. Supporting farmers and roasters who follow the rhythm of nature contributes to a more sustainable coffee production. In addition, buying freshly roasted beans and storing them properly helps to preserve the taste of the coffee at home, providing a better tasting experience and respect for the effort that goes into each cup.<\/p>\n<div class=\"wp-block-image\">\n<figure class=\"aligncenter size-large\"><img decoding=\"async\" width=\"1200\" height=\"627\" src=\"https:\/\/whiteelkcoffee.com\/wp-content\/uploads\/kaffets-sasong-3.jpg\" alt=\"Images of coffee beans being harvested and roasted during the seasonal production process.\" class=\"wp-image-10077\" srcset=\"https:\/\/whiteelkcoffee.com\/wp-content\/uploads\/kaffets-sasong-3.jpg 1200w, https:\/\/whiteelkcoffee.com\/wp-content\/uploads\/kaffets-sasong-3-416x217.jpg 416w, https:\/\/whiteelkcoffee.com\/wp-content\/uploads\/kaffets-sasong-3-300x157.jpg 300w, https:\/\/whiteelkcoffee.com\/wp-content\/uploads\/kaffets-sasong-3-1080x564.jpg 1080w, https:\/\/whiteelkcoffee.com\/wp-content\/uploads\/kaffets-sasong-3-768x401.jpg 768w\" sizes=\"(max-width: 1200px) 100vw, 1200px\" \/><\/figure>\n<\/div>\n<div style=\"height:100px\" aria-hidden=\"true\" class=\"wp-block-spacer\"><\/div>\n\n<p>Photo by Wojtek Pacze\u015b on Pexels<\/p>\n\n<p>Photo by Maria Orlova on Pexels<\/p>\n\n<p>Photo by Tim Douglas on Pexels<\/p>\n\n<div style=\"height:100px\" aria-hidden=\"true\" class=\"wp-block-spacer\"><\/div>\n\n<h2 class=\"wp-block-heading has-text-align-center\">Continue reading<\/h2>\n\n<div class=\"wp-block-query is-layout-flow wp-block-query-is-layout-flow\"><ul class=\"columns-3 wp-block-post-template is-layout-grid wp-container-core-post-template-is-layout-6d3fbd8f wp-block-post-template-is-layout-grid\"><li class=\"wp-block-post post-12193 post type-post status-publish format-standard has-post-thumbnail hentry category-uncategorized tag-coffee-knowledge\">\n\n<div class=\"wp-block-group\" style=\"padding-top:30px;padding-right:30px;padding-bottom:30px;padding-left:30px\"><div class=\"wp-block-group__inner-container is-layout-flow wp-block-group-is-layout-flow\"><figure style=\"aspect-ratio:4\/3;\" class=\"wp-block-post-featured-image\"><img loading=\"lazy\" decoding=\"async\" width=\"940\" height=\"627\" src=\"https:\/\/whiteelkcoffee.com\/wp-content\/uploads\/koffeinfritt-under-graviditeten-1.jpg\" class=\"attachment-post-thumbnail size-post-thumbnail wp-post-image\" alt=\"\" style=\"width:100%;height:100%;object-fit:cover;\" srcset=\"https:\/\/whiteelkcoffee.com\/wp-content\/uploads\/koffeinfritt-under-graviditeten-1.jpg 940w, https:\/\/whiteelkcoffee.com\/wp-content\/uploads\/koffeinfritt-under-graviditeten-1-300x200.jpg 300w, https:\/\/whiteelkcoffee.com\/wp-content\/uploads\/koffeinfritt-under-graviditeten-1-768x512.jpg 768w, https:\/\/whiteelkcoffee.com\/wp-content\/uploads\/koffeinfritt-under-graviditeten-1-500x334.jpg 500w\" sizes=\"(max-width: 940px) 100vw, 940px\" \/><\/figure>\n\n<h2 style=\"font-style:normal;font-weight:300;\" class=\"wp-block-post-title has-medium-font-size\"><a href=\"https:\/\/whiteelkcoffee.com\/en\/pregnant-and-decaffeinated-safe-for-you-and-the-baby\/\" target=\"_self\" >Pregnant and decaffeinated: safe for you and the baby?<\/a><\/h2>\n\n<div class=\"wp-block-post-excerpt has-small-font-size\"><p class=\"wp-block-post-excerpt__excerpt\">&#8220;Decaf during pregnancy: A safe guide for expectant mothers&#8221; Decaffeination during pregnancy is an important issue for many. Pregnancy affects the body&#8217;s ability to break&hellip;<\/p><p class=\"wp-block-post-excerpt__more-text\"><a class=\"wp-block-post-excerpt__more-link\" href=\"https:\/\/whiteelkcoffee.com\/en\/pregnant-and-decaffeinated-safe-for-you-and-the-baby\/\">Read more<\/a><\/p><\/div><\/div><\/div>\n\n<\/li><li class=\"wp-block-post post-12190 post type-post status-publish format-standard has-post-thumbnail hentry category-uncategorized tag-coffee-knowledge\">\n\n<div class=\"wp-block-group\" style=\"padding-top:30px;padding-right:30px;padding-bottom:30px;padding-left:30px\"><div class=\"wp-block-group__inner-container is-layout-flow wp-block-group-is-layout-flow\"><figure style=\"aspect-ratio:4\/3;\" class=\"wp-block-post-featured-image\"><img loading=\"lazy\" decoding=\"async\" width=\"940\" height=\"627\" src=\"https:\/\/whiteelkcoffee.com\/wp-content\/uploads\/kaffe-och-inflammation-1.jpg\" class=\"attachment-post-thumbnail size-post-thumbnail wp-post-image\" alt=\"\" style=\"width:100%;height:100%;object-fit:cover;\" srcset=\"https:\/\/whiteelkcoffee.com\/wp-content\/uploads\/kaffe-och-inflammation-1.jpg 940w, https:\/\/whiteelkcoffee.com\/wp-content\/uploads\/kaffe-och-inflammation-1-300x200.jpg 300w, https:\/\/whiteelkcoffee.com\/wp-content\/uploads\/kaffe-och-inflammation-1-768x512.jpg 768w, https:\/\/whiteelkcoffee.com\/wp-content\/uploads\/kaffe-och-inflammation-1-500x334.jpg 500w\" sizes=\"(max-width: 940px) 100vw, 940px\" \/><\/figure>\n\n<h2 style=\"font-style:normal;font-weight:300;\" class=\"wp-block-post-title has-medium-font-size\"><a href=\"https:\/\/whiteelkcoffee.com\/en\/coffee-and-health-anti-inflammatory-or-villain\/\" target=\"_self\" >Coffee and health: anti-inflammatory or villain?<\/a><\/h2>\n\n<div class=\"wp-block-post-excerpt has-small-font-size\"><p class=\"wp-block-post-excerpt__excerpt\">**Coffee and Inflammation: A Complex Relationship** Coffee is one of the world&#8217;s most widely consumed beverages and contains antioxidants that can reduce inflammation and protect&hellip;<\/p><p class=\"wp-block-post-excerpt__more-text\"><a class=\"wp-block-post-excerpt__more-link\" href=\"https:\/\/whiteelkcoffee.com\/en\/coffee-and-health-anti-inflammatory-or-villain\/\">Read more<\/a><\/p><\/div><\/div><\/div>\n\n<\/li><li class=\"wp-block-post post-12187 post type-post status-publish format-standard has-post-thumbnail hentry category-uncategorized tag-coffee-knowledge\">\n\n<div class=\"wp-block-group\" style=\"padding-top:30px;padding-right:30px;padding-bottom:30px;padding-left:30px\"><div class=\"wp-block-group__inner-container is-layout-flow wp-block-group-is-layout-flow\"><figure style=\"aspect-ratio:4\/3;\" class=\"wp-block-post-featured-image\"><img loading=\"lazy\" decoding=\"async\" width=\"940\" height=\"529\" src=\"https:\/\/whiteelkcoffee.com\/wp-content\/uploads\/kaffe-och-vikt-1.jpg\" class=\"attachment-post-thumbnail size-post-thumbnail wp-post-image\" alt=\"\" style=\"width:100%;height:100%;object-fit:cover;\" srcset=\"https:\/\/whiteelkcoffee.com\/wp-content\/uploads\/kaffe-och-vikt-1.jpg 940w, https:\/\/whiteelkcoffee.com\/wp-content\/uploads\/kaffe-och-vikt-1-300x169.jpg 300w, https:\/\/whiteelkcoffee.com\/wp-content\/uploads\/kaffe-och-vikt-1-768x432.jpg 768w, https:\/\/whiteelkcoffee.com\/wp-content\/uploads\/kaffe-och-vikt-1-500x281.jpg 500w\" sizes=\"(max-width: 940px) 100vw, 940px\" \/><\/figure>\n\n<h2 style=\"font-style:normal;font-weight:300;\" class=\"wp-block-post-title has-medium-font-size\"><a href=\"https:\/\/whiteelkcoffee.com\/en\/coffee-and-weight-are-you-getting-the-balance-right\/\" target=\"_self\" >Coffee and weight &#8211; are you getting the balance right?<\/a><\/h2>\n\n<div class=\"wp-block-post-excerpt has-small-font-size\"><p class=\"wp-block-post-excerpt__excerpt\">Coffee and weight &#8211; Find your edge without tipping the scales Coffee and weight is a hot topic in health. Black coffee, with its low&hellip;<\/p><p class=\"wp-block-post-excerpt__more-text\"><a class=\"wp-block-post-excerpt__more-link\" href=\"https:\/\/whiteelkcoffee.com\/en\/coffee-and-weight-are-you-getting-the-balance-right\/\">Read more<\/a><\/p><\/div><\/div><\/div>\n\n<\/li><li class=\"wp-block-post post-12183 post type-post status-publish format-standard has-post-thumbnail hentry category-uncategorized tag-coffee-knowledge\">\n\n<div class=\"wp-block-group\" style=\"padding-top:30px;padding-right:30px;padding-bottom:30px;padding-left:30px\"><div class=\"wp-block-group__inner-container is-layout-flow wp-block-group-is-layout-flow\"><figure style=\"aspect-ratio:4\/3;\" class=\"wp-block-post-featured-image\"><img loading=\"lazy\" decoding=\"async\" width=\"813\" height=\"650\" src=\"https:\/\/whiteelkcoffee.com\/wp-content\/uploads\/ar-koffeinfritt-kaffe-bra-1.jpg\" class=\"attachment-post-thumbnail size-post-thumbnail wp-post-image\" alt=\"\" style=\"width:100%;height:100%;object-fit:cover;\" srcset=\"https:\/\/whiteelkcoffee.com\/wp-content\/uploads\/ar-koffeinfritt-kaffe-bra-1.jpg 813w, https:\/\/whiteelkcoffee.com\/wp-content\/uploads\/ar-koffeinfritt-kaffe-bra-1-416x333.jpg 416w, https:\/\/whiteelkcoffee.com\/wp-content\/uploads\/ar-koffeinfritt-kaffe-bra-1-300x240.jpg 300w, https:\/\/whiteelkcoffee.com\/wp-content\/uploads\/ar-koffeinfritt-kaffe-bra-1-768x614.jpg 768w\" sizes=\"(max-width: 813px) 100vw, 813px\" \/><\/figure>\n\n<h2 style=\"font-style:normal;font-weight:300;\" class=\"wp-block-post-title has-medium-font-size\"><a href=\"https:\/\/whiteelkcoffee.com\/en\/the-truth-about-decaf-is-it-really-good\/\" target=\"_self\" >The truth about decaf &#8211; is it really good?<\/a><\/h2>\n\n<div class=\"wp-block-post-excerpt has-small-font-size\"><p class=\"wp-block-post-excerpt__excerpt\">The truth about decaffeinated coffee: Is decaffeinated coffee good for you? Decaffeinated coffee is a healthy option for those who want to avoid the negative&hellip;<\/p><p class=\"wp-block-post-excerpt__more-text\"><a class=\"wp-block-post-excerpt__more-link\" href=\"https:\/\/whiteelkcoffee.com\/en\/the-truth-about-decaf-is-it-really-good\/\">Read more<\/a><\/p><\/div><\/div><\/div>\n\n<\/li><li class=\"wp-block-post post-11997 post type-post status-publish format-standard has-post-thumbnail hentry category-uncategorized tag-coffee-knowledge\">\n\n<div class=\"wp-block-group\" style=\"padding-top:30px;padding-right:30px;padding-bottom:30px;padding-left:30px\"><div class=\"wp-block-group__inner-container is-layout-flow wp-block-group-is-layout-flow\"><figure style=\"aspect-ratio:4\/3;\" class=\"wp-block-post-featured-image\"><img loading=\"lazy\" decoding=\"async\" width=\"1200\" height=\"627\" src=\"https:\/\/whiteelkcoffee.com\/wp-content\/uploads\/ar-kaffe-surt-1.jpg\" class=\"attachment-post-thumbnail size-post-thumbnail wp-post-image\" alt=\"\" style=\"width:100%;height:100%;object-fit:cover;\" srcset=\"https:\/\/whiteelkcoffee.com\/wp-content\/uploads\/ar-kaffe-surt-1.jpg 1200w, https:\/\/whiteelkcoffee.com\/wp-content\/uploads\/ar-kaffe-surt-1-416x217.jpg 416w, https:\/\/whiteelkcoffee.com\/wp-content\/uploads\/ar-kaffe-surt-1-300x157.jpg 300w, https:\/\/whiteelkcoffee.com\/wp-content\/uploads\/ar-kaffe-surt-1-1080x564.jpg 1080w, https:\/\/whiteelkcoffee.com\/wp-content\/uploads\/ar-kaffe-surt-1-768x401.jpg 768w\" sizes=\"(max-width: 1200px) 100vw, 1200px\" \/><\/figure>\n\n<h2 style=\"font-style:normal;font-weight:300;\" class=\"wp-block-post-title has-medium-font-size\"><a href=\"https:\/\/whiteelkcoffee.com\/en\/coffee-acidity-health-and-taste-perception\/\" target=\"_self\" >Coffee acidity: health and taste perception<\/a><\/h2>\n\n<div class=\"wp-block-post-excerpt has-small-font-size\"><p class=\"wp-block-post-excerpt__excerpt\">The acidity of the coffee is influenced by its pH value, which is between 4.85 and 5.10. Is coffee sour? Yes, and this is due&hellip;<\/p><p class=\"wp-block-post-excerpt__more-text\"><a class=\"wp-block-post-excerpt__more-link\" href=\"https:\/\/whiteelkcoffee.com\/en\/coffee-acidity-health-and-taste-perception\/\">Read more<\/a><\/p><\/div><\/div><\/div>\n\n<\/li><li class=\"wp-block-post post-11995 post type-post status-publish format-standard has-post-thumbnail hentry category-uncategorized tag-coffee-knowledge\">\n\n<div class=\"wp-block-group\" style=\"padding-top:30px;padding-right:30px;padding-bottom:30px;padding-left:30px\"><div class=\"wp-block-group__inner-container is-layout-flow wp-block-group-is-layout-flow\"><figure style=\"aspect-ratio:4\/3;\" class=\"wp-block-post-featured-image\"><img loading=\"lazy\" decoding=\"async\" width=\"940\" height=\"627\" src=\"https:\/\/whiteelkcoffee.com\/wp-content\/uploads\/kaffe-fore-traning-1.jpg\" class=\"attachment-post-thumbnail size-post-thumbnail wp-post-image\" alt=\"\" style=\"width:100%;height:100%;object-fit:cover;\" srcset=\"https:\/\/whiteelkcoffee.com\/wp-content\/uploads\/kaffe-fore-traning-1.jpg 940w, https:\/\/whiteelkcoffee.com\/wp-content\/uploads\/kaffe-fore-traning-1-416x277.jpg 416w, https:\/\/whiteelkcoffee.com\/wp-content\/uploads\/kaffe-fore-traning-1-300x200.jpg 300w, https:\/\/whiteelkcoffee.com\/wp-content\/uploads\/kaffe-fore-traning-1-768x512.jpg 768w\" sizes=\"(max-width: 940px) 100vw, 940px\" \/><\/figure>\n\n<h2 style=\"font-style:normal;font-weight:300;\" class=\"wp-block-post-title has-medium-font-size\"><a href=\"https:\/\/whiteelkcoffee.com\/en\/pre-exercise-coffee-does-performance-increase-with-each-cup\/\" target=\"_self\" >Pre-exercise coffee &#8211; does performance increase with each cup?<\/a><\/h2>\n\n<div class=\"wp-block-post-excerpt has-small-font-size\"><p class=\"wp-block-post-excerpt__excerpt\">Drinking coffee before exercise can improve both strength and endurance, thanks to the stimulating effects of caffeine on the central nervous system. For best results,&hellip;<\/p><p class=\"wp-block-post-excerpt__more-text\"><a class=\"wp-block-post-excerpt__more-link\" href=\"https:\/\/whiteelkcoffee.com\/en\/pre-exercise-coffee-does-performance-increase-with-each-cup\/\">Read more<\/a><\/p><\/div><\/div><\/div>\n\n<\/li><li class=\"wp-block-post post-11992 post type-post status-publish format-standard has-post-thumbnail hentry category-uncategorized tag-coffee-knowledge\">\n\n<div class=\"wp-block-group\" style=\"padding-top:30px;padding-right:30px;padding-bottom:30px;padding-left:30px\"><div class=\"wp-block-group__inner-container is-layout-flow wp-block-group-is-layout-flow\"><figure style=\"aspect-ratio:4\/3;\" class=\"wp-block-post-featured-image\"><img loading=\"lazy\" decoding=\"async\" width=\"940\" height=\"638\" src=\"https:\/\/whiteelkcoffee.com\/wp-content\/uploads\/kaffe-och-antioxidanter-1.jpg\" class=\"attachment-post-thumbnail size-post-thumbnail wp-post-image\" alt=\"\" style=\"width:100%;height:100%;object-fit:cover;\" srcset=\"https:\/\/whiteelkcoffee.com\/wp-content\/uploads\/kaffe-och-antioxidanter-1.jpg 940w, https:\/\/whiteelkcoffee.com\/wp-content\/uploads\/kaffe-och-antioxidanter-1-416x282.jpg 416w, https:\/\/whiteelkcoffee.com\/wp-content\/uploads\/kaffe-och-antioxidanter-1-300x204.jpg 300w, https:\/\/whiteelkcoffee.com\/wp-content\/uploads\/kaffe-och-antioxidanter-1-768x521.jpg 768w\" sizes=\"(max-width: 940px) 100vw, 940px\" \/><\/figure>\n\n<h2 style=\"font-style:normal;font-weight:300;\" class=\"wp-block-post-title has-medium-font-size\"><a href=\"https:\/\/whiteelkcoffee.com\/en\/coffee-and-antioxidants-your-healthy-cup\/\" target=\"_self\" >Coffee and antioxidants: your healthy cup?<\/a><\/h2>\n\n<div class=\"wp-block-post-excerpt has-small-font-size\"><p class=\"wp-block-post-excerpt__excerpt\">**Coffee and antioxidants: a healthy cup Coffee is one of the major sources of antioxidants in Western diets, which can help reduce the risk of&hellip;<\/p><p class=\"wp-block-post-excerpt__more-text\"><a class=\"wp-block-post-excerpt__more-link\" href=\"https:\/\/whiteelkcoffee.com\/en\/coffee-and-antioxidants-your-healthy-cup\/\">Read more<\/a><\/p><\/div><\/div><\/div>\n\n<\/li><li class=\"wp-block-post post-11933 post type-post status-publish format-standard has-post-thumbnail hentry category-uncategorized tag-coffee-knowledge\">\n\n<div class=\"wp-block-group\" style=\"padding-top:30px;padding-right:30px;padding-bottom:30px;padding-left:30px\"><div class=\"wp-block-group__inner-container is-layout-flow wp-block-group-is-layout-flow\"><figure style=\"aspect-ratio:4\/3;\" class=\"wp-block-post-featured-image\"><img loading=\"lazy\" decoding=\"async\" width=\"940\" height=\"627\" src=\"https:\/\/whiteelkcoffee.com\/wp-content\/uploads\/gurkmeja-i-kaffe-1.jpg\" class=\"attachment-post-thumbnail size-post-thumbnail wp-post-image\" alt=\"\" style=\"width:100%;height:100%;object-fit:cover;\" srcset=\"https:\/\/whiteelkcoffee.com\/wp-content\/uploads\/gurkmeja-i-kaffe-1.jpg 940w, https:\/\/whiteelkcoffee.com\/wp-content\/uploads\/gurkmeja-i-kaffe-1-416x277.jpg 416w, https:\/\/whiteelkcoffee.com\/wp-content\/uploads\/gurkmeja-i-kaffe-1-300x200.jpg 300w, https:\/\/whiteelkcoffee.com\/wp-content\/uploads\/gurkmeja-i-kaffe-1-768x512.jpg 768w\" sizes=\"(max-width: 940px) 100vw, 940px\" \/><\/figure>\n\n<h2 style=\"font-style:normal;font-weight:300;\" class=\"wp-block-post-title has-medium-font-size\"><a href=\"https:\/\/whiteelkcoffee.com\/en\/turmeric-in-coffee-a-health-boost-in-your-cup\/\" target=\"_self\" >Turmeric in coffee &#8211; a health boost in your cup<\/a><\/h2>\n\n<div class=\"wp-block-post-excerpt has-small-font-size\"><p class=\"wp-block-post-excerpt__excerpt\">Turmeric in coffee has become a popular trend among health enthusiasts thanks to its anti-inflammatory and antioxidant properties. Adding turmeric to your coffee can improve&hellip;<\/p><p class=\"wp-block-post-excerpt__more-text\"><a class=\"wp-block-post-excerpt__more-link\" href=\"https:\/\/whiteelkcoffee.com\/en\/turmeric-in-coffee-a-health-boost-in-your-cup\/\">Read more<\/a><\/p><\/div><\/div><\/div>\n\n<\/li><li class=\"wp-block-post post-11930 post type-post status-publish format-standard has-post-thumbnail hentry category-uncategorized tag-coffee-knowledge\">\n\n<div class=\"wp-block-group\" style=\"padding-top:30px;padding-right:30px;padding-bottom:30px;padding-left:30px\"><div class=\"wp-block-group__inner-container is-layout-flow wp-block-group-is-layout-flow\"><figure style=\"aspect-ratio:4\/3;\" class=\"wp-block-post-featured-image\"><img loading=\"lazy\" decoding=\"async\" width=\"1200\" height=\"673\" src=\"https:\/\/whiteelkcoffee.com\/wp-content\/uploads\/forsta-kropp-i-kaffe-1.jpg\" class=\"attachment-post-thumbnail size-post-thumbnail wp-post-image\" alt=\"\" style=\"width:100%;height:100%;object-fit:cover;\" srcset=\"https:\/\/whiteelkcoffee.com\/wp-content\/uploads\/forsta-kropp-i-kaffe-1.jpg 1200w, https:\/\/whiteelkcoffee.com\/wp-content\/uploads\/forsta-kropp-i-kaffe-1-416x233.jpg 416w, https:\/\/whiteelkcoffee.com\/wp-content\/uploads\/forsta-kropp-i-kaffe-1-300x168.jpg 300w, https:\/\/whiteelkcoffee.com\/wp-content\/uploads\/forsta-kropp-i-kaffe-1-1080x606.jpg 1080w, https:\/\/whiteelkcoffee.com\/wp-content\/uploads\/forsta-kropp-i-kaffe-1-768x431.jpg 768w\" sizes=\"(max-width: 1200px) 100vw, 1200px\" \/><\/figure>\n\n<h2 style=\"font-style:normal;font-weight:300;\" class=\"wp-block-post-title has-medium-font-size\"><a href=\"https:\/\/whiteelkcoffee.com\/en\/roast-for-body-in-the-coffee\/\" target=\"_self\" >Roast for body in the coffee<\/a><\/h2>\n\n<div class=\"wp-block-post-excerpt has-small-font-size\"><p class=\"wp-block-post-excerpt__excerpt\">Body in coffee refers to the fullness and mouthfeel of the coffee. It is influenced by brewing methods such as French press and espresso, as&hellip;<\/p><p class=\"wp-block-post-excerpt__more-text\"><a class=\"wp-block-post-excerpt__more-link\" href=\"https:\/\/whiteelkcoffee.com\/en\/roast-for-body-in-the-coffee\/\">Read more<\/a><\/p><\/div><\/div><\/div>\n\n<\/li><li class=\"wp-block-post post-11926 post type-post status-publish format-standard has-post-thumbnail hentry category-uncategorized tag-coffee-knowledge\">\n\n<div class=\"wp-block-group\" style=\"padding-top:30px;padding-right:30px;padding-bottom:30px;padding-left:30px\"><div class=\"wp-block-group__inner-container is-layout-flow wp-block-group-is-layout-flow\"><figure style=\"aspect-ratio:4\/3;\" class=\"wp-block-post-featured-image\"><img loading=\"lazy\" decoding=\"async\" width=\"940\" height=\"592\" src=\"https:\/\/whiteelkcoffee.com\/wp-content\/uploads\/langre-liv-1.jpg\" class=\"attachment-post-thumbnail size-post-thumbnail wp-post-image\" alt=\"\" style=\"width:100%;height:100%;object-fit:cover;\" srcset=\"https:\/\/whiteelkcoffee.com\/wp-content\/uploads\/langre-liv-1.jpg 940w, https:\/\/whiteelkcoffee.com\/wp-content\/uploads\/langre-liv-1-416x262.jpg 416w, https:\/\/whiteelkcoffee.com\/wp-content\/uploads\/langre-liv-1-300x189.jpg 300w, https:\/\/whiteelkcoffee.com\/wp-content\/uploads\/langre-liv-1-768x484.jpg 768w\" sizes=\"(max-width: 940px) 100vw, 940px\" \/><\/figure>\n\n<h2 style=\"font-style:normal;font-weight:300;\" class=\"wp-block-post-title has-medium-font-size\"><a href=\"https:\/\/whiteelkcoffee.com\/en\/the-role-of-coffee-in-the-quest-for-a-longer-life\/\" target=\"_self\" >The role of coffee in the quest for a longer life<\/a><\/h2>\n\n<div class=\"wp-block-post-excerpt has-small-font-size\"><p class=\"wp-block-post-excerpt__excerpt\">Coffee is a popular morning ritual that not only increases alertness but also contributes to a longer life. Studies show that coffee, rich in antioxidants,&hellip;<\/p><p class=\"wp-block-post-excerpt__more-text\"><a class=\"wp-block-post-excerpt__more-link\" href=\"https:\/\/whiteelkcoffee.com\/en\/the-role-of-coffee-in-the-quest-for-a-longer-life\/\">Read more<\/a><\/p><\/div><\/div><\/div>\n\n<\/li><li class=\"wp-block-post post-11923 post type-post status-publish format-standard has-post-thumbnail hentry category-uncategorized tag-coffee-knowledge\">\n\n<div class=\"wp-block-group\" style=\"padding-top:30px;padding-right:30px;padding-bottom:30px;padding-left:30px\"><div class=\"wp-block-group__inner-container is-layout-flow wp-block-group-is-layout-flow\"><figure style=\"aspect-ratio:4\/3;\" class=\"wp-block-post-featured-image\"><img loading=\"lazy\" decoding=\"async\" width=\"940\" height=\"627\" src=\"https:\/\/whiteelkcoffee.com\/wp-content\/uploads\/kaffe-och-halsa-1.jpg\" class=\"attachment-post-thumbnail size-post-thumbnail wp-post-image\" alt=\"\" style=\"width:100%;height:100%;object-fit:cover;\" srcset=\"https:\/\/whiteelkcoffee.com\/wp-content\/uploads\/kaffe-och-halsa-1.jpg 940w, https:\/\/whiteelkcoffee.com\/wp-content\/uploads\/kaffe-och-halsa-1-416x277.jpg 416w, https:\/\/whiteelkcoffee.com\/wp-content\/uploads\/kaffe-och-halsa-1-300x200.jpg 300w, https:\/\/whiteelkcoffee.com\/wp-content\/uploads\/kaffe-och-halsa-1-768x512.jpg 768w\" sizes=\"(max-width: 940px) 100vw, 940px\" \/><\/figure>\n\n<h2 style=\"font-style:normal;font-weight:300;\" class=\"wp-block-post-title has-medium-font-size\"><a href=\"https:\/\/whiteelkcoffee.com\/en\/coffee-and-health-upgrading-your-coffee-with-superfoods\/\" target=\"_self\" >Coffee and health: upgrading your coffee with superfoods<\/a><\/h2>\n\n<div class=\"wp-block-post-excerpt has-small-font-size\"><p class=\"wp-block-post-excerpt__excerpt\">**Coffee and Health: Upgrade your coffee with superfoods** Give your coffee a health boost by adding superfoods such as cinnamon, ginger, mushrooms, turmeric, maca and&hellip;<\/p><p class=\"wp-block-post-excerpt__more-text\"><a class=\"wp-block-post-excerpt__more-link\" href=\"https:\/\/whiteelkcoffee.com\/en\/coffee-and-health-upgrading-your-coffee-with-superfoods\/\">Read more<\/a><\/p><\/div><\/div><\/div>\n\n<\/li><li class=\"wp-block-post post-11917 post type-post status-publish format-standard has-post-thumbnail hentry category-uncategorized tag-coffee-knowledge\">\n\n<div class=\"wp-block-group\" style=\"padding-top:30px;padding-right:30px;padding-bottom:30px;padding-left:30px\"><div class=\"wp-block-group__inner-container is-layout-flow wp-block-group-is-layout-flow\"><figure style=\"aspect-ratio:4\/3;\" class=\"wp-block-post-featured-image\"><img loading=\"lazy\" decoding=\"async\" width=\"940\" height=\"627\" src=\"https:\/\/whiteelkcoffee.com\/wp-content\/uploads\/ar-kaffe-uttorkande-1.jpg\" class=\"attachment-post-thumbnail size-post-thumbnail wp-post-image\" alt=\"\" style=\"width:100%;height:100%;object-fit:cover;\" srcset=\"https:\/\/whiteelkcoffee.com\/wp-content\/uploads\/ar-kaffe-uttorkande-1.jpg 940w, https:\/\/whiteelkcoffee.com\/wp-content\/uploads\/ar-kaffe-uttorkande-1-416x277.jpg 416w, https:\/\/whiteelkcoffee.com\/wp-content\/uploads\/ar-kaffe-uttorkande-1-300x200.jpg 300w, https:\/\/whiteelkcoffee.com\/wp-content\/uploads\/ar-kaffe-uttorkande-1-768x512.jpg 768w\" sizes=\"(max-width: 940px) 100vw, 940px\" \/><\/figure>\n\n<h2 style=\"font-style:normal;font-weight:300;\" class=\"wp-block-post-title has-medium-font-size\"><a href=\"https:\/\/whiteelkcoffee.com\/en\/is-coffee-dehydrating-or-hydrating\/\" target=\"_self\" >Is coffee dehydrating or hydrating?<\/a><\/h2>\n\n<div class=\"wp-block-post-excerpt has-small-font-size\"><p class=\"wp-block-post-excerpt__excerpt\">**Is coffee dehydrating or hydrating? Coffee is one of the world&#8217;s most loved drinks, but is it dehydrating? Research shows that moderate coffee consumption (1-2&hellip;<\/p><p class=\"wp-block-post-excerpt__more-text\"><a class=\"wp-block-post-excerpt__more-link\" href=\"https:\/\/whiteelkcoffee.com\/en\/is-coffee-dehydrating-or-hydrating\/\">Read more<\/a><\/p><\/div><\/div><\/div>\n\n<\/li><li class=\"wp-block-post post-11912 post type-post status-publish format-standard has-post-thumbnail hentry category-uncategorized tag-coffee-knowledge\">\n\n<div class=\"wp-block-group\" style=\"padding-top:30px;padding-right:30px;padding-bottom:30px;padding-left:30px\"><div class=\"wp-block-group__inner-container is-layout-flow wp-block-group-is-layout-flow\"><figure style=\"aspect-ratio:4\/3;\" class=\"wp-block-post-featured-image\"><img loading=\"lazy\" decoding=\"async\" width=\"940\" height=\"627\" src=\"https:\/\/whiteelkcoffee.com\/wp-content\/uploads\/fordelar-med-kaffe-1.jpg\" class=\"attachment-post-thumbnail size-post-thumbnail wp-post-image\" alt=\"\" style=\"width:100%;height:100%;object-fit:cover;\" srcset=\"https:\/\/whiteelkcoffee.com\/wp-content\/uploads\/fordelar-med-kaffe-1.jpg 940w, https:\/\/whiteelkcoffee.com\/wp-content\/uploads\/fordelar-med-kaffe-1-416x277.jpg 416w, https:\/\/whiteelkcoffee.com\/wp-content\/uploads\/fordelar-med-kaffe-1-300x200.jpg 300w, https:\/\/whiteelkcoffee.com\/wp-content\/uploads\/fordelar-med-kaffe-1-768x512.jpg 768w\" sizes=\"(max-width: 940px) 100vw, 940px\" \/><\/figure>\n\n<h2 style=\"font-style:normal;font-weight:300;\" class=\"wp-block-post-title has-medium-font-size\"><a href=\"https:\/\/whiteelkcoffee.com\/en\/enjoy-and-feel-better-9-unexpected-benefits-of-coffee\/\" target=\"_self\" >Enjoy and feel better: 9 unexpected benefits of coffee<\/a><\/h2>\n\n<div class=\"wp-block-post-excerpt has-small-font-size\"><p class=\"wp-block-post-excerpt__excerpt\">**Your health in a coffee cup: Benefits of coffee** Coffee, a global favorite beverage, offers many health benefits that are often overlooked. In addition to&hellip;<\/p><p class=\"wp-block-post-excerpt__more-text\"><a class=\"wp-block-post-excerpt__more-link\" href=\"https:\/\/whiteelkcoffee.com\/en\/enjoy-and-feel-better-9-unexpected-benefits-of-coffee\/\">Read more<\/a><\/p><\/div><\/div><\/div>\n\n<\/li><li class=\"wp-block-post post-11908 post type-post status-publish format-standard has-post-thumbnail hentry category-uncategorized tag-coffee-knowledge\">\n\n<div class=\"wp-block-group\" style=\"padding-top:30px;padding-right:30px;padding-bottom:30px;padding-left:30px\"><div class=\"wp-block-group__inner-container is-layout-flow wp-block-group-is-layout-flow\"><figure style=\"aspect-ratio:4\/3;\" class=\"wp-block-post-featured-image\"><img loading=\"lazy\" decoding=\"async\" width=\"1200\" height=\"673\" src=\"https:\/\/whiteelkcoffee.com\/wp-content\/uploads\/rostningsdefekter-1.jpg\" class=\"attachment-post-thumbnail size-post-thumbnail wp-post-image\" alt=\"\" style=\"width:100%;height:100%;object-fit:cover;\" srcset=\"https:\/\/whiteelkcoffee.com\/wp-content\/uploads\/rostningsdefekter-1.jpg 1200w, https:\/\/whiteelkcoffee.com\/wp-content\/uploads\/rostningsdefekter-1-416x233.jpg 416w, https:\/\/whiteelkcoffee.com\/wp-content\/uploads\/rostningsdefekter-1-300x168.jpg 300w, https:\/\/whiteelkcoffee.com\/wp-content\/uploads\/rostningsdefekter-1-1080x606.jpg 1080w, https:\/\/whiteelkcoffee.com\/wp-content\/uploads\/rostningsdefekter-1-768x431.jpg 768w\" sizes=\"(max-width: 1200px) 100vw, 1200px\" \/><\/figure>\n\n<h2 style=\"font-style:normal;font-weight:300;\" class=\"wp-block-post-title has-medium-font-size\"><a href=\"https:\/\/whiteelkcoffee.com\/en\/taste-guide-detecting-roasting-defects-in-your-coffee-cup\/\" target=\"_self\" >Taste guide: Detecting roasting defects in your coffee cup<\/a><\/h2>\n\n<div class=\"wp-block-post-excerpt has-small-font-size\"><p class=\"wp-block-post-excerpt__excerpt\">Detect roasting defects in the coffee cup and improve the taste experience of the coffee. Learn to identify common defects such as underdevelopment, baked taste,&hellip;<\/p><p class=\"wp-block-post-excerpt__more-text\"><a class=\"wp-block-post-excerpt__more-link\" href=\"https:\/\/whiteelkcoffee.com\/en\/taste-guide-detecting-roasting-defects-in-your-coffee-cup\/\">Read more<\/a><\/p><\/div><\/div><\/div>\n\n<\/li><li class=\"wp-block-post post-11752 post type-post status-publish format-standard has-post-thumbnail hentry category-uncategorized tag-coffee-knowledge\">\n\n<div class=\"wp-block-group\" style=\"padding-top:30px;padding-right:30px;padding-bottom:30px;padding-left:30px\"><div class=\"wp-block-group__inner-container is-layout-flow wp-block-group-is-layout-flow\"><figure style=\"aspect-ratio:4\/3;\" class=\"wp-block-post-featured-image\"><img loading=\"lazy\" decoding=\"async\" width=\"940\" height=\"627\" src=\"https:\/\/whiteelkcoffee.com\/wp-content\/uploads\/guide-till-att-kopa-ratt-rakaffe-1.jpg\" class=\"attachment-post-thumbnail size-post-thumbnail wp-post-image\" alt=\"\" style=\"width:100%;height:100%;object-fit:cover;\" srcset=\"https:\/\/whiteelkcoffee.com\/wp-content\/uploads\/guide-till-att-kopa-ratt-rakaffe-1.jpg 940w, https:\/\/whiteelkcoffee.com\/wp-content\/uploads\/guide-till-att-kopa-ratt-rakaffe-1-416x277.jpg 416w, https:\/\/whiteelkcoffee.com\/wp-content\/uploads\/guide-till-att-kopa-ratt-rakaffe-1-300x200.jpg 300w, https:\/\/whiteelkcoffee.com\/wp-content\/uploads\/guide-till-att-kopa-ratt-rakaffe-1-768x512.jpg 768w\" sizes=\"(max-width: 940px) 100vw, 940px\" \/><\/figure>\n\n<h2 style=\"font-style:normal;font-weight:300;\" class=\"wp-block-post-title has-medium-font-size\"><a href=\"https:\/\/whiteelkcoffee.com\/en\/the-home-roasters-guide-to-the-right-green-coffee\/\" target=\"_self\" >The home roaster&#8217;s guide to the right green coffee<\/a><\/h2>\n\n<div class=\"wp-block-post-excerpt has-small-font-size\"><p class=\"wp-block-post-excerpt__excerpt\">Discover the adventure of green coffee and learn how to roast at home with our comprehensive guide to buying the right green coffee. Understand the&hellip;<\/p><p class=\"wp-block-post-excerpt__more-text\"><a class=\"wp-block-post-excerpt__more-link\" href=\"https:\/\/whiteelkcoffee.com\/en\/the-home-roasters-guide-to-the-right-green-coffee\/\">Read more<\/a><\/p><\/div><\/div><\/div>\n\n<\/li><li class=\"wp-block-post post-11702 post type-post status-publish format-standard has-post-thumbnail hentry category-uncategorized tag-coffee-knowledge\">\n\n<div class=\"wp-block-group\" style=\"padding-top:30px;padding-right:30px;padding-bottom:30px;padding-left:30px\"><div class=\"wp-block-group__inner-container is-layout-flow wp-block-group-is-layout-flow\"><figure style=\"aspect-ratio:4\/3;\" class=\"wp-block-post-featured-image\"><img loading=\"lazy\" decoding=\"async\" width=\"1200\" height=\"627\" src=\"https:\/\/whiteelkcoffee.com\/wp-content\/uploads\/hur-skordas-kaffe-1.jpg\" class=\"attachment-post-thumbnail size-post-thumbnail wp-post-image\" alt=\"\" style=\"width:100%;height:100%;object-fit:cover;\" srcset=\"https:\/\/whiteelkcoffee.com\/wp-content\/uploads\/hur-skordas-kaffe-1.jpg 1200w, https:\/\/whiteelkcoffee.com\/wp-content\/uploads\/hur-skordas-kaffe-1-416x217.jpg 416w, https:\/\/whiteelkcoffee.com\/wp-content\/uploads\/hur-skordas-kaffe-1-300x157.jpg 300w, https:\/\/whiteelkcoffee.com\/wp-content\/uploads\/hur-skordas-kaffe-1-1080x564.jpg 1080w, https:\/\/whiteelkcoffee.com\/wp-content\/uploads\/hur-skordas-kaffe-1-768x401.jpg 768w\" sizes=\"(max-width: 1200px) 100vw, 1200px\" \/><\/figure>\n\n<h2 style=\"font-style:normal;font-weight:300;\" class=\"wp-block-post-title has-medium-font-size\"><a href=\"https:\/\/whiteelkcoffee.com\/en\/all-about-how-coffee-is-harvested\/\" target=\"_self\" >All about how coffee is harvested<\/a><\/h2>\n\n<div class=\"wp-block-post-excerpt has-small-font-size\"><p class=\"wp-block-post-excerpt__excerpt\">A journey through the coffee harvest describes in detail how coffee is harvested, from ripe coffee berries to finished beverage. Harvesting is mainly done by&hellip;<\/p><p class=\"wp-block-post-excerpt__more-text\"><a class=\"wp-block-post-excerpt__more-link\" href=\"https:\/\/whiteelkcoffee.com\/en\/all-about-how-coffee-is-harvested\/\">Read more<\/a><\/p><\/div><\/div><\/div>\n\n<\/li><li class=\"wp-block-post post-11709 post type-post status-publish format-standard has-post-thumbnail hentry category-uncategorized tag-coffee-knowledge\">\n\n<div class=\"wp-block-group\" style=\"padding-top:30px;padding-right:30px;padding-bottom:30px;padding-left:30px\"><div class=\"wp-block-group__inner-container is-layout-flow wp-block-group-is-layout-flow\"><figure style=\"aspect-ratio:4\/3;\" class=\"wp-block-post-featured-image\"><img loading=\"lazy\" decoding=\"async\" width=\"940\" height=\"627\" src=\"https:\/\/whiteelkcoffee.com\/wp-content\/uploads\/tredje-vagens-kaffe-1.jpg\" class=\"attachment-post-thumbnail size-post-thumbnail wp-post-image\" alt=\"\" style=\"width:100%;height:100%;object-fit:cover;\" srcset=\"https:\/\/whiteelkcoffee.com\/wp-content\/uploads\/tredje-vagens-kaffe-1.jpg 940w, https:\/\/whiteelkcoffee.com\/wp-content\/uploads\/tredje-vagens-kaffe-1-416x277.jpg 416w, https:\/\/whiteelkcoffee.com\/wp-content\/uploads\/tredje-vagens-kaffe-1-300x200.jpg 300w, https:\/\/whiteelkcoffee.com\/wp-content\/uploads\/tredje-vagens-kaffe-1-768x512.jpg 768w\" sizes=\"(max-width: 940px) 100vw, 940px\" \/><\/figure>\n\n<h2 style=\"font-style:normal;font-weight:300;\" class=\"wp-block-post-title has-medium-font-size\"><a href=\"https:\/\/whiteelkcoffee.com\/en\/exploring-third-wave-coffee\/\" target=\"_self\" >Exploring third wave coffee<\/a><\/h2>\n\n<div class=\"wp-block-post-excerpt has-small-font-size\"><p class=\"wp-block-post-excerpt__excerpt\">**From the origin of the bean to your coffee barrel: A journey with third wave coffee** The coffee industry is a global giant, covering everything&hellip;<\/p><p class=\"wp-block-post-excerpt__more-text\"><a class=\"wp-block-post-excerpt__more-link\" href=\"https:\/\/whiteelkcoffee.com\/en\/exploring-third-wave-coffee\/\">Read more<\/a><\/p><\/div><\/div><\/div>\n\n<\/li><li class=\"wp-block-post post-11647 post type-post status-publish format-standard has-post-thumbnail hentry category-uncategorized tag-coffee-knowledge\">\n\n<div class=\"wp-block-group\" style=\"padding-top:30px;padding-right:30px;padding-bottom:30px;padding-left:30px\"><div class=\"wp-block-group__inner-container is-layout-flow wp-block-group-is-layout-flow\"><figure style=\"aspect-ratio:4\/3;\" class=\"wp-block-post-featured-image\"><img loading=\"lazy\" decoding=\"async\" width=\"1200\" height=\"627\" src=\"https:\/\/whiteelkcoffee.com\/wp-content\/uploads\/low-caf-1.jpg\" class=\"attachment-post-thumbnail size-post-thumbnail wp-post-image\" alt=\"\" style=\"width:100%;height:100%;object-fit:cover;\" srcset=\"https:\/\/whiteelkcoffee.com\/wp-content\/uploads\/low-caf-1.jpg 1200w, https:\/\/whiteelkcoffee.com\/wp-content\/uploads\/low-caf-1-416x217.jpg 416w, https:\/\/whiteelkcoffee.com\/wp-content\/uploads\/low-caf-1-300x157.jpg 300w, https:\/\/whiteelkcoffee.com\/wp-content\/uploads\/low-caf-1-1080x564.jpg 1080w, https:\/\/whiteelkcoffee.com\/wp-content\/uploads\/low-caf-1-768x401.jpg 768w\" sizes=\"(max-width: 1200px) 100vw, 1200px\" \/><\/figure>\n\n<h2 style=\"font-style:normal;font-weight:300;\" class=\"wp-block-post-title has-medium-font-size\"><a href=\"https:\/\/whiteelkcoffee.com\/en\/coffee-with-balance-decaf-vs-low-caf\/\" target=\"_self\" >Coffee with balance: decaf vs low-caf<\/a><\/h2>\n\n<div class=\"wp-block-post-excerpt has-small-font-size\"><p class=\"wp-block-post-excerpt__excerpt\">Low-caf coffee offers a balanced solution for coffee lovers who want to avoid the negative effects of caffeine. While traditional coffee and decaf often have&hellip;<\/p><p class=\"wp-block-post-excerpt__more-text\"><a class=\"wp-block-post-excerpt__more-link\" href=\"https:\/\/whiteelkcoffee.com\/en\/coffee-with-balance-decaf-vs-low-caf\/\">Read more<\/a><\/p><\/div><\/div><\/div>\n\n<\/li><li class=\"wp-block-post post-11649 post type-post status-publish format-standard has-post-thumbnail hentry category-uncategorized tag-coffee-knowledge\">\n\n<div class=\"wp-block-group\" style=\"padding-top:30px;padding-right:30px;padding-bottom:30px;padding-left:30px\"><div class=\"wp-block-group__inner-container is-layout-flow wp-block-group-is-layout-flow\"><figure style=\"aspect-ratio:4\/3;\" class=\"wp-block-post-featured-image\"><img loading=\"lazy\" decoding=\"async\" width=\"940\" height=\"625\" src=\"https:\/\/whiteelkcoffee.com\/wp-content\/uploads\/hur-gor-man-kaffe-koffeinfritt-1.jpg\" class=\"attachment-post-thumbnail size-post-thumbnail wp-post-image\" alt=\"\" style=\"width:100%;height:100%;object-fit:cover;\" srcset=\"https:\/\/whiteelkcoffee.com\/wp-content\/uploads\/hur-gor-man-kaffe-koffeinfritt-1.jpg 940w, https:\/\/whiteelkcoffee.com\/wp-content\/uploads\/hur-gor-man-kaffe-koffeinfritt-1-416x277.jpg 416w, https:\/\/whiteelkcoffee.com\/wp-content\/uploads\/hur-gor-man-kaffe-koffeinfritt-1-300x199.jpg 300w, https:\/\/whiteelkcoffee.com\/wp-content\/uploads\/hur-gor-man-kaffe-koffeinfritt-1-768x511.jpg 768w\" sizes=\"(max-width: 940px) 100vw, 940px\" \/><\/figure>\n\n<h2 style=\"font-style:normal;font-weight:300;\" class=\"wp-block-post-title has-medium-font-size\"><a href=\"https:\/\/whiteelkcoffee.com\/en\/how-to-turn-coffee-beans-into-decaffeinated-coffee\/\" target=\"_self\" >How to turn coffee beans into decaffeinated coffee<\/a><\/h2>\n\n<div class=\"wp-block-post-excerpt has-small-font-size\"><p class=\"wp-block-post-excerpt__excerpt\">### How to turn coffee beans into decaffeinated coffee Decaffeinated coffee, or decaffeinated coffee, removes the majority of caffeine from the beans to avoid negative&hellip;<\/p><p class=\"wp-block-post-excerpt__more-text\"><a class=\"wp-block-post-excerpt__more-link\" href=\"https:\/\/whiteelkcoffee.com\/en\/how-to-turn-coffee-beans-into-decaffeinated-coffee\/\">Read more<\/a><\/p><\/div><\/div><\/div>\n\n<\/li><li class=\"wp-block-post post-11640 post type-post status-publish format-standard has-post-thumbnail hentry category-uncategorized tag-coffee-knowledge\">\n\n<div class=\"wp-block-group\" style=\"padding-top:30px;padding-right:30px;padding-bottom:30px;padding-left:30px\"><div class=\"wp-block-group__inner-container is-layout-flow wp-block-group-is-layout-flow\"><figure style=\"aspect-ratio:4\/3;\" class=\"wp-block-post-featured-image\"><img loading=\"lazy\" decoding=\"async\" width=\"940\" height=\"627\" src=\"https:\/\/whiteelkcoffee.com\/wp-content\/uploads\/blomma-pour-over-kaffe-1.jpg\" class=\"attachment-post-thumbnail size-post-thumbnail wp-post-image\" alt=\"\" style=\"width:100%;height:100%;object-fit:cover;\" srcset=\"https:\/\/whiteelkcoffee.com\/wp-content\/uploads\/blomma-pour-over-kaffe-1.jpg 940w, https:\/\/whiteelkcoffee.com\/wp-content\/uploads\/blomma-pour-over-kaffe-1-416x277.jpg 416w, https:\/\/whiteelkcoffee.com\/wp-content\/uploads\/blomma-pour-over-kaffe-1-300x200.jpg 300w, https:\/\/whiteelkcoffee.com\/wp-content\/uploads\/blomma-pour-over-kaffe-1-768x512.jpg 768w\" sizes=\"(max-width: 940px) 100vw, 940px\" \/><\/figure>\n\n<h2 style=\"font-style:normal;font-weight:300;\" class=\"wp-block-post-title has-medium-font-size\"><a href=\"https:\/\/whiteelkcoffee.com\/en\/refine-your-brewing-art-by-blooming-your-pour-over-coffee\/\" target=\"_self\" >Refine your brewing art by blooming your pour over coffee<\/a><\/h2>\n\n<div class=\"wp-block-post-excerpt has-small-font-size\"><p class=\"wp-block-post-excerpt__excerpt\">Optimize the taste of your coffee with the art of bloom pour over coffee. Flowering of coffee is a crucial step to release gases and&hellip;<\/p><p class=\"wp-block-post-excerpt__more-text\"><a class=\"wp-block-post-excerpt__more-link\" href=\"https:\/\/whiteelkcoffee.com\/en\/refine-your-brewing-art-by-blooming-your-pour-over-coffee\/\">Read more<\/a><\/p><\/div><\/div><\/div>\n\n<\/li><li class=\"wp-block-post post-11633 post type-post status-publish format-standard has-post-thumbnail hentry category-uncategorized tag-coffee-knowledge\">\n\n<div class=\"wp-block-group\" style=\"padding-top:30px;padding-right:30px;padding-bottom:30px;padding-left:30px\"><div class=\"wp-block-group__inner-container is-layout-flow wp-block-group-is-layout-flow\"><figure style=\"aspect-ratio:4\/3;\" class=\"wp-block-post-featured-image\"><img loading=\"lazy\" decoding=\"async\" width=\"940\" height=\"627\" src=\"https:\/\/whiteelkcoffee.com\/wp-content\/uploads\/cafe-varumarke-1.jpg\" class=\"attachment-post-thumbnail size-post-thumbnail wp-post-image\" alt=\"\" style=\"width:100%;height:100%;object-fit:cover;\" srcset=\"https:\/\/whiteelkcoffee.com\/wp-content\/uploads\/cafe-varumarke-1.jpg 940w, https:\/\/whiteelkcoffee.com\/wp-content\/uploads\/cafe-varumarke-1-416x277.jpg 416w, https:\/\/whiteelkcoffee.com\/wp-content\/uploads\/cafe-varumarke-1-300x200.jpg 300w, https:\/\/whiteelkcoffee.com\/wp-content\/uploads\/cafe-varumarke-1-768x512.jpg 768w\" sizes=\"(max-width: 940px) 100vw, 940px\" \/><\/figure>\n\n<h2 style=\"font-style:normal;font-weight:300;\" class=\"wp-block-post-title has-medium-font-size\"><a href=\"https:\/\/whiteelkcoffee.com\/en\/create-a-unique-brand-for-your-cafe-heres-how\/\" target=\"_self\" >Create a unique brand for your caf\u00e9 &#8211; here&#8217;s how!<\/a><\/h2>\n\n<div class=\"wp-block-post-excerpt has-small-font-size\"><p class=\"wp-block-post-excerpt__excerpt\">Creating a strong caf\u00e9 brand means defining your &#8216;why&#8217; and mission to stand out from the crowd. By integrating core values like sustainability and community&hellip;<\/p><p class=\"wp-block-post-excerpt__more-text\"><a class=\"wp-block-post-excerpt__more-link\" href=\"https:\/\/whiteelkcoffee.com\/en\/create-a-unique-brand-for-your-cafe-heres-how\/\">Read more<\/a><\/p><\/div><\/div><\/div>\n\n<\/li><li class=\"wp-block-post post-11596 post type-post status-publish format-standard has-post-thumbnail hentry category-uncategorized tag-coffee-knowledge\">\n\n<div class=\"wp-block-group\" style=\"padding-top:30px;padding-right:30px;padding-bottom:30px;padding-left:30px\"><div class=\"wp-block-group__inner-container is-layout-flow wp-block-group-is-layout-flow\"><figure style=\"aspect-ratio:4\/3;\" class=\"wp-block-post-featured-image\"><img loading=\"lazy\" decoding=\"async\" width=\"940\" height=\"627\" src=\"https:\/\/whiteelkcoffee.com\/wp-content\/uploads\/kaffefilter-1.jpg\" class=\"attachment-post-thumbnail size-post-thumbnail wp-post-image\" alt=\"\" style=\"width:100%;height:100%;object-fit:cover;\" srcset=\"https:\/\/whiteelkcoffee.com\/wp-content\/uploads\/kaffefilter-1.jpg 940w, https:\/\/whiteelkcoffee.com\/wp-content\/uploads\/kaffefilter-1-416x277.jpg 416w, https:\/\/whiteelkcoffee.com\/wp-content\/uploads\/kaffefilter-1-300x200.jpg 300w, https:\/\/whiteelkcoffee.com\/wp-content\/uploads\/kaffefilter-1-768x512.jpg 768w\" sizes=\"(max-width: 940px) 100vw, 940px\" \/><\/figure>\n\n<h2 style=\"font-style:normal;font-weight:300;\" class=\"wp-block-post-title has-medium-font-size\"><a href=\"https:\/\/whiteelkcoffee.com\/en\/should-i-use-different-coffee-filters-for-different-roasting-profiles\/\" target=\"_self\" >Should I use different coffee filters for different roasting profiles?<\/a><\/h2>\n\n<div class=\"wp-block-post-excerpt has-small-font-size\"><p class=\"wp-block-post-excerpt__excerpt\">Discover how coffee filters affect the taste experience! Using the right coffee filter is essential to bring out the unique flavors of each coffee variety.&hellip;<\/p><p class=\"wp-block-post-excerpt__more-text\"><a class=\"wp-block-post-excerpt__more-link\" href=\"https:\/\/whiteelkcoffee.com\/en\/should-i-use-different-coffee-filters-for-different-roasting-profiles\/\">Read more<\/a><\/p><\/div><\/div><\/div>\n\n<\/li><li class=\"wp-block-post post-11555 post type-post status-publish format-standard has-post-thumbnail hentry category-uncategorized tag-coffee-knowledge\">\n\n<div class=\"wp-block-group\" style=\"padding-top:30px;padding-right:30px;padding-bottom:30px;padding-left:30px\"><div class=\"wp-block-group__inner-container is-layout-flow wp-block-group-is-layout-flow\"><figure style=\"aspect-ratio:4\/3;\" class=\"wp-block-post-featured-image\"><img loading=\"lazy\" decoding=\"async\" width=\"940\" height=\"627\" src=\"https:\/\/whiteelkcoffee.com\/wp-content\/uploads\/espresso-martini-1.jpg\" class=\"attachment-post-thumbnail size-post-thumbnail wp-post-image\" alt=\"\" style=\"width:100%;height:100%;object-fit:cover;\" srcset=\"https:\/\/whiteelkcoffee.com\/wp-content\/uploads\/espresso-martini-1.jpg 940w, https:\/\/whiteelkcoffee.com\/wp-content\/uploads\/espresso-martini-1-416x277.jpg 416w, https:\/\/whiteelkcoffee.com\/wp-content\/uploads\/espresso-martini-1-300x200.jpg 300w, https:\/\/whiteelkcoffee.com\/wp-content\/uploads\/espresso-martini-1-768x512.jpg 768w\" sizes=\"(max-width: 940px) 100vw, 940px\" \/><\/figure>\n\n<h2 style=\"font-style:normal;font-weight:300;\" class=\"wp-block-post-title has-medium-font-size\"><a href=\"https:\/\/whiteelkcoffee.com\/en\/how-to-make-an-espresso-martini-at-home\/\" target=\"_self\" >How to make an espresso martini at home<\/a><\/h2>\n\n<div class=\"wp-block-post-excerpt has-small-font-size\"><p class=\"wp-block-post-excerpt__excerpt\">&#8220;Create the perfect espresso martini at home with simple ingredients like vodka, coffee liqueur, fresh espresso and simple syrup. Rooted in 1980s London, this classic&hellip;<\/p><p class=\"wp-block-post-excerpt__more-text\"><a class=\"wp-block-post-excerpt__more-link\" href=\"https:\/\/whiteelkcoffee.com\/en\/how-to-make-an-espresso-martini-at-home\/\">Read more<\/a><\/p><\/div><\/div><\/div>\n\n<\/li><li class=\"wp-block-post post-11558 post type-post status-publish format-standard has-post-thumbnail hentry category-uncategorized tag-coffee-knowledge\">\n\n<div class=\"wp-block-group\" style=\"padding-top:30px;padding-right:30px;padding-bottom:30px;padding-left:30px\"><div class=\"wp-block-group__inner-container is-layout-flow wp-block-group-is-layout-flow\"><figure style=\"aspect-ratio:4\/3;\" class=\"wp-block-post-featured-image\"><img loading=\"lazy\" decoding=\"async\" width=\"940\" height=\"627\" src=\"https:\/\/whiteelkcoffee.com\/wp-content\/uploads\/lungo-1.jpg\" class=\"attachment-post-thumbnail size-post-thumbnail wp-post-image\" alt=\"\" style=\"width:100%;height:100%;object-fit:cover;\" srcset=\"https:\/\/whiteelkcoffee.com\/wp-content\/uploads\/lungo-1.jpg 940w, https:\/\/whiteelkcoffee.com\/wp-content\/uploads\/lungo-1-416x277.jpg 416w, https:\/\/whiteelkcoffee.com\/wp-content\/uploads\/lungo-1-300x200.jpg 300w, https:\/\/whiteelkcoffee.com\/wp-content\/uploads\/lungo-1-768x512.jpg 768w\" sizes=\"(max-width: 940px) 100vw, 940px\" \/><\/figure>\n\n<h2 style=\"font-style:normal;font-weight:300;\" class=\"wp-block-post-title has-medium-font-size\"><a href=\"https:\/\/whiteelkcoffee.com\/en\/lungo-when-espresso-takes-a-bigger-leap\/\" target=\"_self\" >Lungo: when espresso takes a bigger leap<\/a><\/h2>\n\n<div class=\"wp-block-post-excerpt has-small-font-size\"><p class=\"wp-block-post-excerpt__excerpt\">Lungo is a coffee drink that is gaining ground in Sweden, a milder espresso with extended brewing time that provides a larger amount of coffee&hellip;<\/p><p class=\"wp-block-post-excerpt__more-text\"><a class=\"wp-block-post-excerpt__more-link\" href=\"https:\/\/whiteelkcoffee.com\/en\/lungo-when-espresso-takes-a-bigger-leap\/\">Read more<\/a><\/p><\/div><\/div><\/div>\n\n<\/li><li class=\"wp-block-post post-11525 post type-post status-publish format-standard has-post-thumbnail hentry category-uncategorized tag-coffee-knowledge\">\n\n<div class=\"wp-block-group\" style=\"padding-top:30px;padding-right:30px;padding-bottom:30px;padding-left:30px\"><div class=\"wp-block-group__inner-container is-layout-flow wp-block-group-is-layout-flow\"><figure style=\"aspect-ratio:4\/3;\" class=\"wp-block-post-featured-image\"><img loading=\"lazy\" decoding=\"async\" width=\"940\" height=\"627\" src=\"https:\/\/whiteelkcoffee.com\/wp-content\/uploads\/perkulator-kaffe-1.jpg\" class=\"attachment-post-thumbnail size-post-thumbnail wp-post-image\" alt=\"\" style=\"width:100%;height:100%;object-fit:cover;\" srcset=\"https:\/\/whiteelkcoffee.com\/wp-content\/uploads\/perkulator-kaffe-1.jpg 940w, https:\/\/whiteelkcoffee.com\/wp-content\/uploads\/perkulator-kaffe-1-416x277.jpg 416w, https:\/\/whiteelkcoffee.com\/wp-content\/uploads\/perkulator-kaffe-1-300x200.jpg 300w, https:\/\/whiteelkcoffee.com\/wp-content\/uploads\/perkulator-kaffe-1-768x512.jpg 768w\" sizes=\"(max-width: 940px) 100vw, 940px\" \/><\/figure>\n\n<h2 style=\"font-style:normal;font-weight:300;\" class=\"wp-block-post-title has-medium-font-size\"><a href=\"https:\/\/whiteelkcoffee.com\/en\/the-charms-of-the-perculator-a-coffee-experience-like-no-other\/\" target=\"_self\" >The charms of the Perculator &#8211; a coffee experience like no other<\/a><\/h2>\n\n<div class=\"wp-block-post-excerpt has-small-font-size\"><p class=\"wp-block-post-excerpt__excerpt\">Experience the rich flavor of percolator coffee, a traditional brewing method that offers depth and complexity. The perculator is quick and easy, perfect for busy&hellip;<\/p><p class=\"wp-block-post-excerpt__more-text\"><a class=\"wp-block-post-excerpt__more-link\" href=\"https:\/\/whiteelkcoffee.com\/en\/the-charms-of-the-perculator-a-coffee-experience-like-no-other\/\">Read more<\/a><\/p><\/div><\/div><\/div>\n\n<\/li><li class=\"wp-block-post post-11522 post type-post status-publish format-standard has-post-thumbnail hentry category-uncategorized tag-coffee-knowledge\">\n\n<div class=\"wp-block-group\" style=\"padding-top:30px;padding-right:30px;padding-bottom:30px;padding-left:30px\"><div class=\"wp-block-group__inner-container is-layout-flow wp-block-group-is-layout-flow\"><figure style=\"aspect-ratio:4\/3;\" class=\"wp-block-post-featured-image\"><img loading=\"lazy\" decoding=\"async\" width=\"1200\" height=\"627\" src=\"https:\/\/whiteelkcoffee.com\/wp-content\/uploads\/kaffebaret-1.jpg\" class=\"attachment-post-thumbnail size-post-thumbnail wp-post-image\" alt=\"\" style=\"width:100%;height:100%;object-fit:cover;\" srcset=\"https:\/\/whiteelkcoffee.com\/wp-content\/uploads\/kaffebaret-1.jpg 1200w, https:\/\/whiteelkcoffee.com\/wp-content\/uploads\/kaffebaret-1-416x217.jpg 416w, https:\/\/whiteelkcoffee.com\/wp-content\/uploads\/kaffebaret-1-300x157.jpg 300w, https:\/\/whiteelkcoffee.com\/wp-content\/uploads\/kaffebaret-1-1080x564.jpg 1080w, https:\/\/whiteelkcoffee.com\/wp-content\/uploads\/kaffebaret-1-768x401.jpg 768w\" sizes=\"(max-width: 1200px) 100vw, 1200px\" \/><\/figure>\n\n<h2 style=\"font-style:normal;font-weight:300;\" class=\"wp-block-post-title has-medium-font-size\"><a href=\"https:\/\/whiteelkcoffee.com\/en\/do-you-know-the-coffee-berry\/\" target=\"_self\" >Do you know the coffee berry?<\/a><\/h2>\n\n<div class=\"wp-block-post-excerpt has-small-font-size\"><p class=\"wp-block-post-excerpt__excerpt\">Discover the importance of coffee berries in the coffee flavor journey, from lush plantations to your cup. Learn about the different layers of the berry,&hellip;<\/p><p class=\"wp-block-post-excerpt__more-text\"><a class=\"wp-block-post-excerpt__more-link\" href=\"https:\/\/whiteelkcoffee.com\/en\/do-you-know-the-coffee-berry\/\">Read more<\/a><\/p><\/div><\/div><\/div>\n\n<\/li><li class=\"wp-block-post post-11435 post type-post status-publish format-standard has-post-thumbnail hentry category-uncategorized tag-coffee-knowledge\">\n\n<div class=\"wp-block-group\" style=\"padding-top:30px;padding-right:30px;padding-bottom:30px;padding-left:30px\"><div class=\"wp-block-group__inner-container is-layout-flow wp-block-group-is-layout-flow\"><figure style=\"aspect-ratio:4\/3;\" class=\"wp-block-post-featured-image\"><img loading=\"lazy\" decoding=\"async\" width=\"940\" height=\"627\" src=\"https:\/\/whiteelkcoffee.com\/wp-content\/uploads\/huvudvark-fran-kaffe-1.jpg\" class=\"attachment-post-thumbnail size-post-thumbnail wp-post-image\" alt=\"\" style=\"width:100%;height:100%;object-fit:cover;\" srcset=\"https:\/\/whiteelkcoffee.com\/wp-content\/uploads\/huvudvark-fran-kaffe-1.jpg 940w, https:\/\/whiteelkcoffee.com\/wp-content\/uploads\/huvudvark-fran-kaffe-1-416x277.jpg 416w, https:\/\/whiteelkcoffee.com\/wp-content\/uploads\/huvudvark-fran-kaffe-1-300x200.jpg 300w, https:\/\/whiteelkcoffee.com\/wp-content\/uploads\/huvudvark-fran-kaffe-1-768x512.jpg 768w\" sizes=\"(max-width: 940px) 100vw, 940px\" \/><\/figure>\n\n<h2 style=\"font-style:normal;font-weight:300;\" class=\"wp-block-post-title has-medium-font-size\"><a href=\"https:\/\/whiteelkcoffee.com\/en\/headache-from-coffee-6-unexpected-reasons\/\" target=\"_self\" >Headache from coffee: 6 unexpected reasons<\/a><\/h2>\n\n<div class=\"wp-block-post-excerpt has-small-font-size\"><p class=\"wp-block-post-excerpt__excerpt\">Discover the causes of coffee headaches, from caffeine withdrawal to overdose and caffeine allergy. Coffee can cause both concentration and headaches, with withdrawal symptoms and&hellip;<\/p><p class=\"wp-block-post-excerpt__more-text\"><a class=\"wp-block-post-excerpt__more-link\" href=\"https:\/\/whiteelkcoffee.com\/en\/headache-from-coffee-6-unexpected-reasons\/\">Read more<\/a><\/p><\/div><\/div><\/div>\n\n<\/li><li class=\"wp-block-post post-11428 post type-post status-publish format-standard has-post-thumbnail hentry category-uncategorized tag-coffee-knowledge\">\n\n<div class=\"wp-block-group\" style=\"padding-top:30px;padding-right:30px;padding-bottom:30px;padding-left:30px\"><div class=\"wp-block-group__inner-container is-layout-flow wp-block-group-is-layout-flow\"><figure style=\"aspect-ratio:4\/3;\" class=\"wp-block-post-featured-image\"><img loading=\"lazy\" decoding=\"async\" width=\"940\" height=\"627\" src=\"https:\/\/whiteelkcoffee.com\/wp-content\/uploads\/arabica-kaffebonor-1.jpg\" class=\"attachment-post-thumbnail size-post-thumbnail wp-post-image\" alt=\"\" style=\"width:100%;height:100%;object-fit:cover;\" srcset=\"https:\/\/whiteelkcoffee.com\/wp-content\/uploads\/arabica-kaffebonor-1.jpg 940w, https:\/\/whiteelkcoffee.com\/wp-content\/uploads\/arabica-kaffebonor-1-416x277.jpg 416w, https:\/\/whiteelkcoffee.com\/wp-content\/uploads\/arabica-kaffebonor-1-300x200.jpg 300w, https:\/\/whiteelkcoffee.com\/wp-content\/uploads\/arabica-kaffebonor-1-768x512.jpg 768w\" sizes=\"(max-width: 940px) 100vw, 940px\" \/><\/figure>\n\n<h2 style=\"font-style:normal;font-weight:300;\" class=\"wp-block-post-title has-medium-font-size\"><a href=\"https:\/\/whiteelkcoffee.com\/en\/arabica-coffee-beans-a-world-of-flavor-variations\/\" target=\"_self\" >Arabica coffee beans &#8211; a world of flavor variations<\/a><\/h2>\n\n<div class=\"wp-block-post-excerpt has-small-font-size\"><p class=\"wp-block-post-excerpt__excerpt\">Arabica coffee beans offer coffee lovers a wealth of flavors thanks to its diverse varieties such as Bourbon, Typica and Geisha. These beans, which dominate&hellip;<\/p><p class=\"wp-block-post-excerpt__more-text\"><a class=\"wp-block-post-excerpt__more-link\" href=\"https:\/\/whiteelkcoffee.com\/en\/arabica-coffee-beans-a-world-of-flavor-variations\/\">Read more<\/a><\/p><\/div><\/div><\/div>\n\n<\/li><li class=\"wp-block-post post-11429 post type-post status-publish format-standard has-post-thumbnail hentry category-uncategorized tag-coffee-knowledge\">\n\n<div class=\"wp-block-group\" style=\"padding-top:30px;padding-right:30px;padding-bottom:30px;padding-left:30px\"><div class=\"wp-block-group__inner-container is-layout-flow wp-block-group-is-layout-flow\"><figure style=\"aspect-ratio:4\/3;\" class=\"wp-block-post-featured-image\"><img loading=\"lazy\" decoding=\"async\" width=\"1792\" height=\"1024\" src=\"https:\/\/whiteelkcoffee.com\/wp-content\/uploads\/maillardeffekten-1.jpg\" class=\"attachment-post-thumbnail size-post-thumbnail wp-post-image\" alt=\"\" style=\"width:100%;height:100%;object-fit:cover;\" srcset=\"https:\/\/whiteelkcoffee.com\/wp-content\/uploads\/maillardeffekten-1.jpg 1792w, https:\/\/whiteelkcoffee.com\/wp-content\/uploads\/maillardeffekten-1-416x238.jpg 416w, https:\/\/whiteelkcoffee.com\/wp-content\/uploads\/maillardeffekten-1-300x171.jpg 300w, https:\/\/whiteelkcoffee.com\/wp-content\/uploads\/maillardeffekten-1-1080x617.jpg 1080w, https:\/\/whiteelkcoffee.com\/wp-content\/uploads\/maillardeffekten-1-768x439.jpg 768w, https:\/\/whiteelkcoffee.com\/wp-content\/uploads\/maillardeffekten-1-1536x878.jpg 1536w\" sizes=\"(max-width: 1792px) 100vw, 1792px\" \/><\/figure>\n\n<h2 style=\"font-style:normal;font-weight:300;\" class=\"wp-block-post-title has-medium-font-size\"><a href=\"https:\/\/whiteelkcoffee.com\/en\/flavor-development-during-roasting-the-magic-of-the-griddle-effect\/\" target=\"_self\" >Flavor development during roasting: the magic of the griddle effect<\/a><\/h2>\n\n<div class=\"wp-block-post-excerpt has-small-font-size\"><p class=\"wp-block-post-excerpt__excerpt\">The grinding effect is central to the transformation of the coffee bean during roasting, creating hundreds of aroma compounds that make the coffee rich and&hellip;<\/p><p class=\"wp-block-post-excerpt__more-text\"><a class=\"wp-block-post-excerpt__more-link\" href=\"https:\/\/whiteelkcoffee.com\/en\/flavor-development-during-roasting-the-magic-of-the-griddle-effect\/\">Read more<\/a><\/p><\/div><\/div><\/div>\n\n<\/li><li class=\"wp-block-post post-11432 post type-post status-publish format-standard has-post-thumbnail hentry category-uncategorized tag-coffee-knowledge\">\n\n<div class=\"wp-block-group\" style=\"padding-top:30px;padding-right:30px;padding-bottom:30px;padding-left:30px\"><div class=\"wp-block-group__inner-container is-layout-flow wp-block-group-is-layout-flow\"><figure style=\"aspect-ratio:4\/3;\" class=\"wp-block-post-featured-image\"><img loading=\"lazy\" decoding=\"async\" width=\"1200\" height=\"627\" src=\"https:\/\/whiteelkcoffee.com\/wp-content\/uploads\/franskt-presskaffe-1.jpg\" class=\"attachment-post-thumbnail size-post-thumbnail wp-post-image\" alt=\"\" style=\"width:100%;height:100%;object-fit:cover;\" srcset=\"https:\/\/whiteelkcoffee.com\/wp-content\/uploads\/franskt-presskaffe-1.jpg 1200w, https:\/\/whiteelkcoffee.com\/wp-content\/uploads\/franskt-presskaffe-1-416x217.jpg 416w, https:\/\/whiteelkcoffee.com\/wp-content\/uploads\/franskt-presskaffe-1-300x157.jpg 300w, https:\/\/whiteelkcoffee.com\/wp-content\/uploads\/franskt-presskaffe-1-1080x564.jpg 1080w, https:\/\/whiteelkcoffee.com\/wp-content\/uploads\/franskt-presskaffe-1-768x401.jpg 768w\" sizes=\"(max-width: 1200px) 100vw, 1200px\" \/><\/figure>\n\n<h2 style=\"font-style:normal;font-weight:300;\" class=\"wp-block-post-title has-medium-font-size\"><a href=\"https:\/\/whiteelkcoffee.com\/en\/top-tips-for-making-french-press-coffee\/\" target=\"_self\" >Top tips for making French press coffee<\/a><\/h2>\n\n<div class=\"wp-block-post-excerpt has-small-font-size\"><p class=\"wp-block-post-excerpt__excerpt\">Discover the art of brewing perfect French press coffee by selecting fresh coffee beans, achieving the ideal grind and balancing the coffee-water ratio for a&hellip;<\/p><p class=\"wp-block-post-excerpt__more-text\"><a class=\"wp-block-post-excerpt__more-link\" href=\"https:\/\/whiteelkcoffee.com\/en\/top-tips-for-making-french-press-coffee\/\">Read more<\/a><\/p><\/div><\/div><\/div>\n\n<\/li><li class=\"wp-block-post post-11433 post type-post status-publish format-standard has-post-thumbnail hentry category-uncategorized tag-coffee-knowledge\">\n\n<div class=\"wp-block-group\" style=\"padding-top:30px;padding-right:30px;padding-bottom:30px;padding-left:30px\"><div class=\"wp-block-group__inner-container is-layout-flow wp-block-group-is-layout-flow\"><figure style=\"aspect-ratio:4\/3;\" class=\"wp-block-post-featured-image\"><img loading=\"lazy\" decoding=\"async\" width=\"940\" height=\"627\" src=\"https:\/\/whiteelkcoffee.com\/wp-content\/uploads\/cafe-gaster-1.jpg\" class=\"attachment-post-thumbnail size-post-thumbnail wp-post-image\" alt=\"\" style=\"width:100%;height:100%;object-fit:cover;\" srcset=\"https:\/\/whiteelkcoffee.com\/wp-content\/uploads\/cafe-gaster-1.jpg 940w, https:\/\/whiteelkcoffee.com\/wp-content\/uploads\/cafe-gaster-1-416x277.jpg 416w, https:\/\/whiteelkcoffee.com\/wp-content\/uploads\/cafe-gaster-1-300x200.jpg 300w, https:\/\/whiteelkcoffee.com\/wp-content\/uploads\/cafe-gaster-1-768x512.jpg 768w\" sizes=\"(max-width: 940px) 100vw, 940px\" \/><\/figure>\n\n<h2 style=\"font-style:normal;font-weight:300;\" class=\"wp-block-post-title has-medium-font-size\"><a href=\"https:\/\/whiteelkcoffee.com\/en\/attracting-more-cafe-guests-your-guide-to-a-vibrant-meeting-place\/\" target=\"_self\" >Attracting more caf\u00e9 guests &#8211; your guide to a vibrant meeting place<\/a><\/h2>\n\n<div class=\"wp-block-post-excerpt has-small-font-size\"><p class=\"wp-block-post-excerpt__excerpt\">Welcome all caf\u00e9 guests to a place where the details create a unique atmosphere. To successfully attract visitors, caf\u00e9s should strengthen their digital presence and&hellip;<\/p><p class=\"wp-block-post-excerpt__more-text\"><a class=\"wp-block-post-excerpt__more-link\" href=\"https:\/\/whiteelkcoffee.com\/en\/attracting-more-cafe-guests-your-guide-to-a-vibrant-meeting-place\/\">Read more<\/a><\/p><\/div><\/div><\/div>\n\n<\/li><li class=\"wp-block-post post-11434 post type-post status-publish format-standard has-post-thumbnail hentry category-uncategorized tag-coffee-knowledge\">\n\n<div class=\"wp-block-group\" style=\"padding-top:30px;padding-right:30px;padding-bottom:30px;padding-left:30px\"><div class=\"wp-block-group__inner-container is-layout-flow wp-block-group-is-layout-flow\"><figure style=\"aspect-ratio:4\/3;\" class=\"wp-block-post-featured-image\"><img loading=\"lazy\" decoding=\"async\" width=\"940\" height=\"627\" src=\"https:\/\/whiteelkcoffee.com\/wp-content\/uploads\/koppar-for-kaffe-1.jpg\" class=\"attachment-post-thumbnail size-post-thumbnail wp-post-image\" alt=\"\" style=\"width:100%;height:100%;object-fit:cover;\" srcset=\"https:\/\/whiteelkcoffee.com\/wp-content\/uploads\/koppar-for-kaffe-1.jpg 940w, https:\/\/whiteelkcoffee.com\/wp-content\/uploads\/koppar-for-kaffe-1-416x277.jpg 416w, https:\/\/whiteelkcoffee.com\/wp-content\/uploads\/koppar-for-kaffe-1-300x200.jpg 300w, https:\/\/whiteelkcoffee.com\/wp-content\/uploads\/koppar-for-kaffe-1-768x512.jpg 768w\" sizes=\"(max-width: 940px) 100vw, 940px\" \/><\/figure>\n\n<h2 style=\"font-style:normal;font-weight:300;\" class=\"wp-block-post-title has-medium-font-size\"><a href=\"https:\/\/whiteelkcoffee.com\/en\/how-to-use-different-cups-for-different-coffees\/\" target=\"_self\" >How to use different cups for different coffees<\/a><\/h2>\n\n<div class=\"wp-block-post-excerpt has-small-font-size\"><p class=\"wp-block-post-excerpt__excerpt\">Discover how cups for coffee can change your taste experience. Research shows that the shape of the cup affects the aroma, sweetness and acidity of&hellip;<\/p><p class=\"wp-block-post-excerpt__more-text\"><a class=\"wp-block-post-excerpt__more-link\" href=\"https:\/\/whiteelkcoffee.com\/en\/how-to-use-different-cups-for-different-coffees\/\">Read more<\/a><\/p><\/div><\/div><\/div>\n\n<\/li><li class=\"wp-block-post post-11409 post type-post status-publish format-standard has-post-thumbnail hentry category-uncategorized tag-coffee-knowledge\">\n\n<div class=\"wp-block-group\" style=\"padding-top:30px;padding-right:30px;padding-bottom:30px;padding-left:30px\"><div class=\"wp-block-group__inner-container is-layout-flow wp-block-group-is-layout-flow\"><figure style=\"aspect-ratio:4\/3;\" class=\"wp-block-post-featured-image\"><img loading=\"lazy\" decoding=\"async\" width=\"940\" height=\"625\" src=\"https:\/\/whiteelkcoffee.com\/wp-content\/uploads\/brasilien-.jpg\" class=\"attachment-post-thumbnail size-post-thumbnail wp-post-image\" alt=\"\" style=\"width:100%;height:100%;object-fit:cover;\" srcset=\"https:\/\/whiteelkcoffee.com\/wp-content\/uploads\/brasilien-.jpg 940w, https:\/\/whiteelkcoffee.com\/wp-content\/uploads\/brasilien--416x277.jpg 416w, https:\/\/whiteelkcoffee.com\/wp-content\/uploads\/brasilien--300x199.jpg 300w, https:\/\/whiteelkcoffee.com\/wp-content\/uploads\/brasilien--768x511.jpg 768w\" sizes=\"(max-width: 940px) 100vw, 940px\" \/><\/figure>\n\n<h2 style=\"font-style:normal;font-weight:300;\" class=\"wp-block-post-title has-medium-font-size\"><a href=\"https:\/\/whiteelkcoffee.com\/en\/coffee-giant-brazil-a-deep-dive-into-the-kaleidoscope-of-culture\/\" target=\"_self\" >Coffee giant Brazil: a deep dive into the kaleidoscope of culture<\/a><\/h2>\n\n<div class=\"wp-block-post-excerpt has-small-font-size\"><p class=\"wp-block-post-excerpt__excerpt\">Brazil is not only known for its culture of music and carnival, but it is also a global coffee giant whose coffee traditions go back&hellip;<\/p><p class=\"wp-block-post-excerpt__more-text\"><a class=\"wp-block-post-excerpt__more-link\" href=\"https:\/\/whiteelkcoffee.com\/en\/coffee-giant-brazil-a-deep-dive-into-the-kaleidoscope-of-culture\/\">Read more<\/a><\/p><\/div><\/div><\/div>\n\n<\/li><li class=\"wp-block-post post-11410 post type-post status-publish format-standard has-post-thumbnail hentry category-uncategorized tag-coffee-knowledge\">\n\n<div class=\"wp-block-group\" style=\"padding-top:30px;padding-right:30px;padding-bottom:30px;padding-left:30px\"><div class=\"wp-block-group__inner-container is-layout-flow wp-block-group-is-layout-flow\"><figure style=\"aspect-ratio:4\/3;\" class=\"wp-block-post-featured-image\"><img loading=\"lazy\" decoding=\"async\" width=\"940\" height=\"627\" src=\"https:\/\/whiteelkcoffee.com\/wp-content\/uploads\/rengora-kaffekvarn-1.jpg\" class=\"attachment-post-thumbnail size-post-thumbnail wp-post-image\" alt=\"\" style=\"width:100%;height:100%;object-fit:cover;\" srcset=\"https:\/\/whiteelkcoffee.com\/wp-content\/uploads\/rengora-kaffekvarn-1.jpg 940w, https:\/\/whiteelkcoffee.com\/wp-content\/uploads\/rengora-kaffekvarn-1-416x277.jpg 416w, https:\/\/whiteelkcoffee.com\/wp-content\/uploads\/rengora-kaffekvarn-1-300x200.jpg 300w, https:\/\/whiteelkcoffee.com\/wp-content\/uploads\/rengora-kaffekvarn-1-768x512.jpg 768w\" sizes=\"(max-width: 940px) 100vw, 940px\" \/><\/figure>\n\n<h2 style=\"font-style:normal;font-weight:300;\" class=\"wp-block-post-title has-medium-font-size\"><a href=\"https:\/\/whiteelkcoffee.com\/en\/clean-your-coffee-grinder-like-a-pro-for-flavor\/\" target=\"_self\" >Clean your coffee grinder like a pro &#8211; for flavor<\/a><\/h2>\n\n<div class=\"wp-block-post-excerpt has-small-font-size\"><p class=\"wp-block-post-excerpt__excerpt\">Regular cleaning of the coffee grinder is essential for an optimal coffee experience. An unclean grinder negatively affects the taste through the accumulation of old&hellip;<\/p><p class=\"wp-block-post-excerpt__more-text\"><a class=\"wp-block-post-excerpt__more-link\" href=\"https:\/\/whiteelkcoffee.com\/en\/clean-your-coffee-grinder-like-a-pro-for-flavor\/\">Read more<\/a><\/p><\/div><\/div><\/div>\n\n<\/li><li class=\"wp-block-post post-11413 post type-post status-publish format-standard has-post-thumbnail hentry category-uncategorized tag-coffee-knowledge\">\n\n<div class=\"wp-block-group\" style=\"padding-top:30px;padding-right:30px;padding-bottom:30px;padding-left:30px\"><div class=\"wp-block-group__inner-container is-layout-flow wp-block-group-is-layout-flow\"><figure style=\"aspect-ratio:4\/3;\" class=\"wp-block-post-featured-image\"><img loading=\"lazy\" decoding=\"async\" width=\"1200\" height=\"627\" src=\"https:\/\/whiteelkcoffee.com\/wp-content\/uploads\/flat-white-1.jpg\" class=\"attachment-post-thumbnail size-post-thumbnail wp-post-image\" alt=\"\" style=\"width:100%;height:100%;object-fit:cover;\" srcset=\"https:\/\/whiteelkcoffee.com\/wp-content\/uploads\/flat-white-1.jpg 1200w, https:\/\/whiteelkcoffee.com\/wp-content\/uploads\/flat-white-1-416x217.jpg 416w, https:\/\/whiteelkcoffee.com\/wp-content\/uploads\/flat-white-1-300x157.jpg 300w, https:\/\/whiteelkcoffee.com\/wp-content\/uploads\/flat-white-1-1080x564.jpg 1080w, https:\/\/whiteelkcoffee.com\/wp-content\/uploads\/flat-white-1-768x401.jpg 768w\" sizes=\"(max-width: 1200px) 100vw, 1200px\" \/><\/figure>\n\n<h2 style=\"font-style:normal;font-weight:300;\" class=\"wp-block-post-title has-medium-font-size\"><a href=\"https:\/\/whiteelkcoffee.com\/en\/flat-white-more-than-just-milk-and-coffee\/\" target=\"_self\" >Flat white &#8211; more than just milk and coffee<\/a><\/h2>\n\n<div class=\"wp-block-post-excerpt has-small-font-size\"><p class=\"wp-block-post-excerpt__excerpt\">More than just milk and coffee, flat white is a global coffee experience that originated in Australia and New Zealand, and has captured the hearts&hellip;<\/p><p class=\"wp-block-post-excerpt__more-text\"><a class=\"wp-block-post-excerpt__more-link\" href=\"https:\/\/whiteelkcoffee.com\/en\/flat-white-more-than-just-milk-and-coffee\/\">Read more<\/a><\/p><\/div><\/div><\/div>\n\n<\/li><li class=\"wp-block-post post-11415 post type-post status-publish format-standard has-post-thumbnail hentry category-uncategorized tag-coffee-knowledge\">\n\n<div class=\"wp-block-group\" style=\"padding-top:30px;padding-right:30px;padding-bottom:30px;padding-left:30px\"><div class=\"wp-block-group__inner-container is-layout-flow wp-block-group-is-layout-flow\"><figure style=\"aspect-ratio:4\/3;\" class=\"wp-block-post-featured-image\"><img loading=\"lazy\" decoding=\"async\" width=\"940\" height=\"628\" src=\"https:\/\/whiteelkcoffee.com\/wp-content\/uploads\/ristretto-1.jpg\" class=\"attachment-post-thumbnail size-post-thumbnail wp-post-image\" alt=\"\" style=\"width:100%;height:100%;object-fit:cover;\" srcset=\"https:\/\/whiteelkcoffee.com\/wp-content\/uploads\/ristretto-1.jpg 940w, https:\/\/whiteelkcoffee.com\/wp-content\/uploads\/ristretto-1-416x278.jpg 416w, https:\/\/whiteelkcoffee.com\/wp-content\/uploads\/ristretto-1-300x200.jpg 300w, https:\/\/whiteelkcoffee.com\/wp-content\/uploads\/ristretto-1-768x513.jpg 768w\" sizes=\"(max-width: 940px) 100vw, 940px\" \/><\/figure>\n\n<h2 style=\"font-style:normal;font-weight:300;\" class=\"wp-block-post-title has-medium-font-size\"><a href=\"https:\/\/whiteelkcoffee.com\/en\/ristretto-italys-flavorful-little-guy\/\" target=\"_self\" >Ristretto &#8211; Italy&#8217;s flavorful little guy<\/a><\/h2>\n\n<div class=\"wp-block-post-excerpt has-small-font-size\"><p class=\"wp-block-post-excerpt__excerpt\">In Italy, ristretto is more than just coffee; it is a concentrated pleasure and part of the culture. This intense espresso variant is characterized by&hellip;<\/p><p class=\"wp-block-post-excerpt__more-text\"><a class=\"wp-block-post-excerpt__more-link\" href=\"https:\/\/whiteelkcoffee.com\/en\/ristretto-italys-flavorful-little-guy\/\">Read more<\/a><\/p><\/div><\/div><\/div>\n\n<\/li><li class=\"wp-block-post post-11416 post type-post status-publish format-standard has-post-thumbnail hentry category-uncategorized tag-coffee-knowledge\">\n\n<div class=\"wp-block-group\" style=\"padding-top:30px;padding-right:30px;padding-bottom:30px;padding-left:30px\"><div class=\"wp-block-group__inner-container is-layout-flow wp-block-group-is-layout-flow\"><figure style=\"aspect-ratio:4\/3;\" class=\"wp-block-post-featured-image\"><img loading=\"lazy\" decoding=\"async\" width=\"940\" height=\"627\" src=\"https:\/\/whiteelkcoffee.com\/wp-content\/uploads\/forvara-kaffebonor-1.jpg\" class=\"attachment-post-thumbnail size-post-thumbnail wp-post-image\" alt=\"\" style=\"width:100%;height:100%;object-fit:cover;\" srcset=\"https:\/\/whiteelkcoffee.com\/wp-content\/uploads\/forvara-kaffebonor-1.jpg 940w, https:\/\/whiteelkcoffee.com\/wp-content\/uploads\/forvara-kaffebonor-1-416x277.jpg 416w, https:\/\/whiteelkcoffee.com\/wp-content\/uploads\/forvara-kaffebonor-1-300x200.jpg 300w, https:\/\/whiteelkcoffee.com\/wp-content\/uploads\/forvara-kaffebonor-1-768x512.jpg 768w\" sizes=\"(max-width: 940px) 100vw, 940px\" \/><\/figure>\n\n<h2 style=\"font-style:normal;font-weight:300;\" class=\"wp-block-post-title has-medium-font-size\"><a href=\"https:\/\/whiteelkcoffee.com\/en\/storing-coffee-beans-properly-guide-and-tips\/\" target=\"_self\" >Storing coffee beans properly: guide and tips<\/a><\/h2>\n\n<div class=\"wp-block-post-excerpt has-small-font-size\"><p class=\"wp-block-post-excerpt__excerpt\">Learn how to store coffee beans optimally to preserve flavor and freshness. Avoid air, moisture, heat and light with airtight, dark containers and the right&hellip;<\/p><p class=\"wp-block-post-excerpt__more-text\"><a class=\"wp-block-post-excerpt__more-link\" href=\"https:\/\/whiteelkcoffee.com\/en\/storing-coffee-beans-properly-guide-and-tips\/\">Read more<\/a><\/p><\/div><\/div><\/div>\n\n<\/li><li class=\"wp-block-post post-11418 post type-post status-publish format-standard has-post-thumbnail hentry category-uncategorized tag-coffee-knowledge\">\n\n<div class=\"wp-block-group\" style=\"padding-top:30px;padding-right:30px;padding-bottom:30px;padding-left:30px\"><div class=\"wp-block-group__inner-container is-layout-flow wp-block-group-is-layout-flow\"><figure style=\"aspect-ratio:4\/3;\" class=\"wp-block-post-featured-image\"><img loading=\"lazy\" decoding=\"async\" width=\"940\" height=\"627\" src=\"https:\/\/whiteelkcoffee.com\/wp-content\/uploads\/uganda-1.jpg\" class=\"attachment-post-thumbnail size-post-thumbnail wp-post-image\" alt=\"\" style=\"width:100%;height:100%;object-fit:cover;\" srcset=\"https:\/\/whiteelkcoffee.com\/wp-content\/uploads\/uganda-1.jpg 940w, https:\/\/whiteelkcoffee.com\/wp-content\/uploads\/uganda-1-416x277.jpg 416w, https:\/\/whiteelkcoffee.com\/wp-content\/uploads\/uganda-1-300x200.jpg 300w, https:\/\/whiteelkcoffee.com\/wp-content\/uploads\/uganda-1-768x512.jpg 768w\" sizes=\"(max-width: 940px) 100vw, 940px\" \/><\/figure>\n\n<h2 style=\"font-style:normal;font-weight:300;\" class=\"wp-block-post-title has-medium-font-size\"><a href=\"https:\/\/whiteelkcoffee.com\/en\/growing-coffee-in-uganda-one-beans-journey-to-perfection\/\" target=\"_self\" >Growing coffee in Uganda: one bean&#8217;s journey to perfection<\/a><\/h2>\n\n<div class=\"wp-block-post-excerpt has-small-font-size\"><p class=\"wp-block-post-excerpt__excerpt\">Uganda, a leading coffee producer, offers a wealth of flavors from the nutrient-rich red soil. The country is known for its Arabica and Robusta coffees,&hellip;<\/p><p class=\"wp-block-post-excerpt__more-text\"><a class=\"wp-block-post-excerpt__more-link\" href=\"https:\/\/whiteelkcoffee.com\/en\/growing-coffee-in-uganda-one-beans-journey-to-perfection\/\">Read more<\/a><\/p><\/div><\/div><\/div>\n\n<\/li><li class=\"wp-block-post post-11384 post type-post status-publish format-standard has-post-thumbnail hentry category-uncategorized tag-coffee-knowledge\">\n\n<div class=\"wp-block-group\" style=\"padding-top:30px;padding-right:30px;padding-bottom:30px;padding-left:30px\"><div class=\"wp-block-group__inner-container is-layout-flow wp-block-group-is-layout-flow\"><figure style=\"aspect-ratio:4\/3;\" class=\"wp-block-post-featured-image\"><img loading=\"lazy\" decoding=\"async\" width=\"940\" height=\"627\" src=\"https:\/\/whiteelkcoffee.com\/wp-content\/uploads\/mexico-1.jpg\" class=\"attachment-post-thumbnail size-post-thumbnail wp-post-image\" alt=\"\" style=\"width:100%;height:100%;object-fit:cover;\" srcset=\"https:\/\/whiteelkcoffee.com\/wp-content\/uploads\/mexico-1.jpg 940w, https:\/\/whiteelkcoffee.com\/wp-content\/uploads\/mexico-1-416x277.jpg 416w, https:\/\/whiteelkcoffee.com\/wp-content\/uploads\/mexico-1-300x200.jpg 300w, https:\/\/whiteelkcoffee.com\/wp-content\/uploads\/mexico-1-768x512.jpg 768w\" sizes=\"(max-width: 940px) 100vw, 940px\" \/><\/figure>\n\n<h2 style=\"font-style:normal;font-weight:300;\" class=\"wp-block-post-title has-medium-font-size\"><a href=\"https:\/\/whiteelkcoffee.com\/en\/mexicos-forgotten-beans-a-journey-into-the-coffee-kingdom\/\" target=\"_self\" >Mexico&#8217;s forgotten beans: a journey into the coffee kingdom<\/a><\/h2>\n\n<div class=\"wp-block-post-excerpt has-small-font-size\"><p class=\"wp-block-post-excerpt__excerpt\">Discover Mexico&#8217;s hidden coffee gems, where small-scale farms with big hearts grow organically and responsibly, contributing to a rich flavor profile ranging from fruity notes&hellip;<\/p><p class=\"wp-block-post-excerpt__more-text\"><a class=\"wp-block-post-excerpt__more-link\" href=\"https:\/\/whiteelkcoffee.com\/en\/mexicos-forgotten-beans-a-journey-into-the-coffee-kingdom\/\">Read more<\/a><\/p><\/div><\/div><\/div>\n\n<\/li><li class=\"wp-block-post post-11385 post type-post status-publish format-standard has-post-thumbnail hentry category-uncategorized tag-coffee-knowledge\">\n\n<div class=\"wp-block-group\" style=\"padding-top:30px;padding-right:30px;padding-bottom:30px;padding-left:30px\"><div class=\"wp-block-group__inner-container is-layout-flow wp-block-group-is-layout-flow\"><figure style=\"aspect-ratio:4\/3;\" class=\"wp-block-post-featured-image\"><img loading=\"lazy\" decoding=\"async\" width=\"1200\" height=\"627\" src=\"https:\/\/whiteelkcoffee.com\/wp-content\/uploads\/cortado-1.jpg\" class=\"attachment-post-thumbnail size-post-thumbnail wp-post-image\" alt=\"\" style=\"width:100%;height:100%;object-fit:cover;\" srcset=\"https:\/\/whiteelkcoffee.com\/wp-content\/uploads\/cortado-1.jpg 1200w, https:\/\/whiteelkcoffee.com\/wp-content\/uploads\/cortado-1-416x217.jpg 416w, https:\/\/whiteelkcoffee.com\/wp-content\/uploads\/cortado-1-300x157.jpg 300w, https:\/\/whiteelkcoffee.com\/wp-content\/uploads\/cortado-1-1080x564.jpg 1080w, https:\/\/whiteelkcoffee.com\/wp-content\/uploads\/cortado-1-768x401.jpg 768w\" sizes=\"(max-width: 1200px) 100vw, 1200px\" \/><\/figure>\n\n<h2 style=\"font-style:normal;font-weight:300;\" class=\"wp-block-post-title has-medium-font-size\"><a href=\"https:\/\/whiteelkcoffee.com\/en\/cortado-more-than-just-coffee-and-milk\/\" target=\"_self\" >Cortado &#8211; more than just coffee and milk<\/a><\/h2>\n\n<div class=\"wp-block-post-excerpt has-small-font-size\"><p class=\"wp-block-post-excerpt__excerpt\">Experience cortado, a Spanish specialty coffee that combines strong espresso with silky milk in a perfect balance. With the right espresso beans and gently frothed&hellip;<\/p><p class=\"wp-block-post-excerpt__more-text\"><a class=\"wp-block-post-excerpt__more-link\" href=\"https:\/\/whiteelkcoffee.com\/en\/cortado-more-than-just-coffee-and-milk\/\">Read more<\/a><\/p><\/div><\/div><\/div>\n\n<\/li><\/ul><\/div>\n","protected":false},"excerpt":{"rendered":"<p>Experience the season of coffee and its unique journey from plant to cup. Every step of coffee production, from harvesting at the right time of ripening to careful roasting, affects the final flavor profile of the coffee. The season of the coffee reflects the quality of the harvest and geographical conditions such as altitude and climate. By choosing seasonal coffee and storing the beans correctly, consumers can enjoy freshness and support sustainable farming. Seasonality affects the price, but the true reward is a perfectly brewed cup that takes into account the rhythm of nature.<\/p>\n","protected":false},"author":3,"featured_media":10867,"comment_status":"closed","ping_status":"closed","sticky":false,"template":"","format":"standard","meta":{"footnotes":""},"categories":[1],"tags":[124],"class_list":["post-11348","post","type-post","status-publish","format-standard","has-post-thumbnail","hentry","category-uncategorized","tag-coffee-knowledge"],"_wp_attachment_metadata":null,"_wp_attached_file":null,"_elementor_source_image_hash":null,"_wp_attachment_image_alt":null,"_wpml_media_usage":null,"_wp_attachment_context":null,"wpml_media_processed":null,"_wp_attachment_is_custom_background":null,"_elementor_is_screenshot":null,"cartflows_imported_flow":null,"wcf-steps":null,"wcf-testing":null,"cartflows_imported_step":null,"wcf-flow-id":null,"wcf-step-type":null,"enable-to-import":null,"wcf_fields_billing":null,"wcf_fields_shipping":null,"_astra_content_layout_flag":null,"site-post-title":null,"ast-title-bar-display":null,"ast-featured-img":null,"site-content-layout":null,"site-sidebar-layout":null,"wcf-checkout-layout":null,"wcf-field-google-font-url":null,"wcf-checkout-additional-fields":null,"wcf-custom-checkout-fields":null,"wcf-show-coupon-field":null,"wcf-advance-options-fields":null,"wcf-input-field-size":null,"wcf-input-button-size":null,"wcf-active-tab":null,"wcf-billing_first_name":null,"wcf-billing_last_name":null,"wcf-billing_company":null,"wcf-billing_country":null,"wcf-billing_address_1":null,"wcf-billing_address_2":null,"wcf-billing_city":null,"wcf-billing_state":null,"wcf-billing_postcode":null,"wcf-billing_phone":null,"wcf-billing_email":null,"wcf-shipping_first_name":null,"wcf-shipping_last_name":null,"wcf-shipping_company":null,"wcf-shipping_country":null,"wcf-shipping_address_1":null,"wcf-shipping_address_2":null,"wcf-shipping_city":null,"wcf-shipping_state":null,"wcf-shipping_postcode":null,"wcf-base-font-family":null,"wcf-primary-color":null,"wcf-fields-skins":null,"wcf-order-bump":null,"wcf-order-bump-label":null,"wcf-order-bump-hl-text":null,"wcf-order-bump-desc":null,"_uabb_lite_converted":null,"wcf-order-bump-style":null,"wcf-bump-border-style":null,"wcf-shipto-diff-addr-fields":null,"theme-transparent-header-meta":null,"wcf-input-font-family":null,"wcf-input-font-weight":null,"wcf-heading-font-family":null,"wcf-heading-font-weight":null,"wcf-base-font-weight":null,"wcf-button-font-family":null,"wcf-button-font-weight":null,"wcf-heading-color":null,"wcf-section-bg-color":null,"wcf-hl-bg-color":null,"wcf-field-tb-padding":null,"wcf-field-lr-padding":null,"wcf-field-color":null,"wcf-field-bg-color":null,"wcf-field-border-color":null,"wcf-box-border-color":null,"wcf-field-label-color":null,"wcf-submit-tb-padding":null,"wcf-submit-lr-padding":null,"wcf-submit-color":null,"wcf-submit-hover-color":null,"wcf-submit-bg-color":null,"wcf-submit-bg-hover-color":null,"wcf-submit-border-color":null,"wcf-submit-border-hover-color":null,"wcf-header-logo-image":null,"wcf-header-logo-width":null,"wcf-custom-script":null,"wcf-dynamic-css":null,"wcf-dynamic-css-version":null,"wcf-tq-advance-options-fields":null,"wcf-show-overview-section":null,"wcf-show-details-section":null,"wcf-show-billing-section":null,"wcf-show-shipping-section":null,"wcf-tq-font-family":null,"wcf-tq-font-wt":null,"wcf-tq-heading-font-family":null,"wcf-tq-heading-font-wt":null,"_cli_cookie_type":null,"_cli_cookie_duration":null,"_cli_cookie_sensitivity":null,"_cli_cookie_slugid":null,"elementor_font_files":null,"elementor_font_face":null,"_menu_item_type":null,"_menu_item_menu_item_parent":null,"_menu_item_object_id":null,"_menu_item_object":null,"_menu_item_target":null,"_menu_item_classes":null,"_menu_item_xfn":null,"_menu_item_url":null,"_wp_old_date":null,"_oembed_e10787736a4b944a007de81c26090879":null,"_oembed_40b507f061ed0161cf82ce4115853782":null,"_oembed_61f7fb9efb539c3f5948fa9f58a860e9":null,"_dp_original":null,"_product_attributes":null,"_swish_purchase_age_limit":null,"cartflows_redirect_flow_id":null,"cartflows_add_to_cart_text":null,"_default_attributes":null,"attr_label_translations":null,"_product_image_gallery":null,"_weight":null,"_length":null,"_width":null,"_height":null,"woo_feed_ean":null,"_sku":null,"woo_feed_gtin":null,"woo_feed_identifier_ean":null,"_oembed_a6d9170e91d5467488f11a871b3c86b9":null,"_upsell_ids":null,"_wcml_duplicate_of_variation":null,"_downloadable_files":null,"attribute_pa_hela-eller-malda-bonor":null,"attribute_pa_storlek":null,"_max_variation_price":null,"_max_variation_regular_price":null,"_max_variation_sale_price":null,"_min_variation_price":null,"_min_variation_regular_price":null,"_min_variation_sale_price":null,"_sale_price":null,"_variation_description":null,"woo_feed_gtin_var":null,"woo_feed_mpn_var":null,"woo_feed_ean_var":null,"discount_type":null,"coupon_amount":null,"individual_use":null,"usage_limit":null,"usage_limit_per_user":null,"limit_usage_to_x_items":null,"usage_count":null,"date_expires":null,"free_shipping":null,"exclude_sale_items":null,"_used_by":null,"product_categories":null,"product_ids":null,"mailchimp_woocommerce_campaign_id":null,"mailchimp_woocommerce_landing_site":null,"_order_key":null,"_customer_user":null,"_payment_method":null,"_payment_method_title":null,"_customer_ip_address":null,"_customer_user_agent":null,"_created_via":null,"_cart_hash":null,"_billing_first_name":null,"_billing_last_name":null,"_billing_address_1":null,"_billing_city":null,"_billing_postcode":null,"_billing_country":null,"_billing_email":null,"_billing_phone":null,"_shipping_first_name":null,"_shipping_last_name":null,"_shipping_address_1":null,"_shipping_city":null,"_shipping_postcode":null,"_shipping_country":null,"_billing_address_index":null,"_shipping_address_index":null,"is_vat_exempt":null,"mailchimp_woocommerce_is_subscribed":null,"_wc_klarna_order_id":null,"_transaction_id":null,"_wc_klarna_environment":null,"_wc_klarna_country":null,"_shipping_phone":null,"_shipping_email":null,"_date_paid":null,"_paid_date":null,"_download_permissions_granted":null,"_recorded_sales":null,"_recorded_coupon_usage_counts":null,"_order_stock_reduced":null,"_new_order_email_sent":null,"_ga_tracked":null,"_wc_klarna_cancelled":null,"_wcpdf_packing_slip_date":null,"_wcpdf_packing_slip_date_formatted":null,"_wdr_discounts":null,"_wc_klarna_checkout_flow":null,"_wcpdf_packing_slip_creation_trigger":null,"_date_completed":null,"_completed_date":null,"_wc_klarna_capture_id":null,"_billing_address_2":null,"_shipping_address_2":null,"_kco_added_surcharge":null,"_wcpdf_invoice_settings":null,"_wcpdf_invoice_display_date":null,"_wcpdf_invoice_date":null,"_wcpdf_invoice_date_formatted":null,"_wcpdf_invoice_number":null,"_wcpdf_invoice_number_data":null,"_wcpdf_packing-slip_creation_trigger":null,"_wcpdf_invoice_creation_trigger":null,"_refund_amount":null,"_refunded_by":null,"_refunded_payment":null,"_refund_reason":null,"_edit_lock":null,"_edit_last":null,"_elementor_controls_usage":null,"_elementor_edit_mode":null,"_wp_page_template":null,"_elementor_data":null,"_elementor_version":null,"_thumbnail_id":"10867","_wp_old_slug":null,"_elementor_template_type":null,"_elementor_pro_version":null,"_elementor_css":null,"_wpml_word_count":null,"_wpml_media_featured":null,"_wpml_media_duplicate":null,"_wpml_media_has_media":null,"_wpml_location_migration_done":null,"_elementor_conditions":null,"_elementor_page_settings":null,"_elementor_page_assets":[],"_elementor_screenshot":null,"_elementor_screenshot_failed":null,"block_editor":null,"_elementor_source":null,"_wp_trash_meta_status":null,"_wp_trash_meta_time":null,"_wp_desired_post_slug":null,"_elementor_template_sub_type":null,"_last_translation_edit_mode":"translation-editor","_elementor_template_widget_type":null,"total_sales":null,"_tax_status":null,"_tax_class":null,"_manage_stock":null,"_backorders":null,"_sold_individually":null,"_virtual":null,"_downloadable":null,"_download_limit":null,"_download_expiry":null,"_stock":null,"_stock_status":null,"_wc_average_rating":null,"_wc_review_count":null,"_product_version":null,"_price":null,"wcml_sync_hash":null,"_regular_price":null,"_order_currency":null,"_cart_discount":null,"_cart_discount_tax":null,"_order_shipping":null,"_order_shipping_tax":null,"_order_tax":null,"_order_total":null,"_order_version":null,"_prices_include_tax":null,"_links":{"self":[{"href":"https:\/\/whiteelkcoffee.com\/en\/wp-json\/wp\/v2\/posts\/11348","targetHints":{"allow":["GET"]}}],"collection":[{"href":"https:\/\/whiteelkcoffee.com\/en\/wp-json\/wp\/v2\/posts"}],"about":[{"href":"https:\/\/whiteelkcoffee.com\/en\/wp-json\/wp\/v2\/types\/post"}],"author":[{"embeddable":true,"href":"https:\/\/whiteelkcoffee.com\/en\/wp-json\/wp\/v2\/users\/3"}],"replies":[{"embeddable":true,"href":"https:\/\/whiteelkcoffee.com\/en\/wp-json\/wp\/v2\/comments?post=11348"}],"version-history":[{"count":2,"href":"https:\/\/whiteelkcoffee.com\/en\/wp-json\/wp\/v2\/posts\/11348\/revisions"}],"predecessor-version":[{"id":11371,"href":"https:\/\/whiteelkcoffee.com\/en\/wp-json\/wp\/v2\/posts\/11348\/revisions\/11371"}],"wp:featuredmedia":[{"embeddable":true,"href":"https:\/\/whiteelkcoffee.com\/en\/wp-json\/wp\/v2\/media\/10867"}],"wp:attachment":[{"href":"https:\/\/whiteelkcoffee.com\/en\/wp-json\/wp\/v2\/media?parent=11348"}],"wp:term":[{"taxonomy":"category","embeddable":true,"href":"https:\/\/whiteelkcoffee.com\/en\/wp-json\/wp\/v2\/categories?post=11348"},{"taxonomy":"post_tag","embeddable":true,"href":"https:\/\/whiteelkcoffee.com\/en\/wp-json\/wp\/v2\/tags?post=11348"}],"curies":[{"name":"wp","href":"https:\/\/api.w.org\/{rel}","templated":true}]}}